{"id":3061,"date":"2010-08-18T00:03:49","date_gmt":"2010-08-17T23:03:49","guid":{"rendered":"http:\/\/www.ticmais.pt\/?p=3061"},"modified":"2010-08-18T00:03:49","modified_gmt":"2010-08-17T23:03:49","slug":"asus-eee-pad-e-eee-tablet-ja-tem-preco","status":"publish","type":"post","link":"https:\/\/www.ticmais.pt\/?p=3061","title":{"rendered":"ASUS Eee Pad e Eee Tablet j\u00e1 t\u00eam pre\u00e7o"},"content":{"rendered":"<table style=\"width: 100%;\" border=\"0\" cellspacing=\"5\" cellpadding=\"5\" align=\"justify\">\n<tbody>\n<tr>\n<td width=\"160\" valign=\"top\">\n<p><img decoding=\"async\" src=\"\/\/www.ticmais.pt\/ticmais\/imagens\/ASUS%20Eee%20Pad%20e%20Eee%20Tablet%20ja%20tem%20preco.jpg\" alt=\"\" \/><\/p>\n<\/td>\n<td valign=\"top\">\n<p style=\"text-align: justify;\">Foi o pr\u00f3prio Jerry Shen, CEO da ASUS, que anunciou os pre\u00e7os que os primeiros <em>tabletPC<\/em> da marca asi\u00e1tica ir\u00e3o ter aquando do seu lan\u00e7amento. Apresentados durante a Computex deste ano, os ASUS Eee Pad e ASUS Eee Tablet t\u00eam, no papel, argumentos bastante interessantes. <a href=\"http:\/\/www.revolucaodigital.net\/2010\/08\/17\/asus-eee-pad-eee-tablet-preco\/\" target=\"_blank\">Mais&#8230;<\/a>\u00a0<\/p>\n<\/td>\n<\/tr>\n<\/tbody>\n<\/table>\n<p><br class=\"spacer_\" \/><\/p>\n","protected":false},"excerpt":{"rendered":"<p>Foi o pr\u00f3prio Jerry Shen, CEO da ASUS, que anunciou os pre\u00e7os que os primeiros tabletPC da marca asi\u00e1tica ir\u00e3o ter aquando do seu lan\u00e7amento. Apresentados durante a Computex deste ano, os ASUS Eee Pad e ASUS Eee Tablet t\u00eam, no papel, argumentos bastante interessantes. Mais&#8230;\u00a0<\/p>\n","protected":false},"author":1,"featured_media":0,"comment_status":"closed","ping_status":"closed","sticky":false,"template":"","format":"standard","meta":{"footnotes":""},"categories":[15],"tags":[1339,1340,75],"class_list":["post-3061","post","type-post","status-publish","format-standard","hentry","category-tic-mais","tag-asus-eee-pad","tag-eee-tablet","tag-tablet"],"_links":{"self":[{"href":"https:\/\/www.ticmais.pt\/index.php?rest_route=\/wp\/v2\/posts\/3061","targetHints":{"allow":["GET"]}}],"collection":[{"href":"https:\/\/www.ticmais.pt\/index.php?rest_route=\/wp\/v2\/posts"}],"about":[{"href":"https:\/\/www.ticmais.pt\/index.php?rest_route=\/wp\/v2\/types\/post"}],"author":[{"embeddable":true,"href":"https:\/\/www.ticmais.pt\/index.php?rest_route=\/wp\/v2\/users\/1"}],"replies":[{"embeddable":true,"href":"https:\/\/www.ticmais.pt\/index.php?rest_route=%2Fwp%2Fv2%2Fcomments&post=3061"}],"version-history":[{"count":0,"href":"https:\/\/www.ticmais.pt\/index.php?rest_route=\/wp\/v2\/posts\/3061\/revisions"}],"wp:attachment":[{"href":"https:\/\/www.ticmais.pt\/index.php?rest_route=%2Fwp%2Fv2%2Fmedia&parent=3061"}],"wp:term":[{"taxonomy":"category","embeddable":true,"href":"https:\/\/www.ticmais.pt\/index.php?rest_route=%2Fwp%2Fv2%2Fcategories&post=3061"},{"taxonomy":"post_tag","embeddable":true,"href":"https:\/\/www.ticmais.pt\/index.php?rest_route=%2Fwp%2Fv2%2Ftags&post=3061"}],"curies":[{"name":"wp","href":"https:\/\/api.w.org\/{rel}","templated":true}]}}