{"id":3064,"date":"2010-08-19T21:34:34","date_gmt":"2010-08-19T20:34:34","guid":{"rendered":"http:\/\/www.ticmais.pt\/?p=3064"},"modified":"2010-08-19T21:34:34","modified_gmt":"2010-08-19T20:34:34","slug":"250-mil-portateis-e-escolinha-no-arranque-do-ano-lectivo","status":"publish","type":"post","link":"https:\/\/www.ticmais.pt\/?p=3064","title":{"rendered":"250 mil port\u00e1teis e-escolinha no arranque do ano lectivo"},"content":{"rendered":"<table style=\"width: 100%;\" border=\"0\" cellspacing=\"5\" cellpadding=\"5\" align=\"justify\">\n<tbody>\n<tr>\n<td width=\"160\" valign=\"top\">\n<p><img decoding=\"async\" src=\"\/\/www.ticmais.pt\/ticmais\/imagens\/250%20mil%20portateis%20e%20escolinha%20no%20arranque%20do%20ano%20lectivo.jpg\" alt=\"\" \/><\/p>\n<\/td>\n<td valign=\"top\">\n<p>No in\u00edcio do pr\u00f3ximo ano lectivo chegam aos alunos do 1\u00ba ciclo os port\u00e1teis e-escolinha reservados no ano lectivo passado. A ministra da educa\u00e7\u00e3o garante que est\u00e1 tudo a postos. <a href=\"http:\/\/tek.sapo.pt\/noticias\/computadores\/250_mil_portateis_e_escolinha_no_arranque_do_1087333.html\" target=\"_blank\">Mais&#8230;<br \/>\n<\/a>\u00a0<\/p>\n<\/td>\n<\/tr>\n<\/tbody>\n<\/table>\n<p><br class=\"spacer_\" \/><\/p>\n","protected":false},"excerpt":{"rendered":"<p>No in\u00edcio do pr\u00f3ximo ano lectivo chegam aos alunos do 1\u00ba ciclo os port\u00e1teis e-escolinha reservados no ano lectivo passado. A ministra da educa\u00e7\u00e3o garante que est\u00e1 tudo a postos. Mais&#8230; \u00a0<\/p>\n","protected":false},"author":1,"featured_media":0,"comment_status":"closed","ping_status":"closed","sticky":false,"template":"","format":"standard","meta":{"footnotes":""},"categories":[15],"tags":[63,20,64],"class_list":["post-3064","post","type-post","status-publish","format-standard","hentry","category-tic-mais","tag-e-escolinha","tag-ensino","tag-magalhaes"],"_links":{"self":[{"href":"https:\/\/www.ticmais.pt\/index.php?rest_route=\/wp\/v2\/posts\/3064","targetHints":{"allow":["GET"]}}],"collection":[{"href":"https:\/\/www.ticmais.pt\/index.php?rest_route=\/wp\/v2\/posts"}],"about":[{"href":"https:\/\/www.ticmais.pt\/index.php?rest_route=\/wp\/v2\/types\/post"}],"author":[{"embeddable":true,"href":"https:\/\/www.ticmais.pt\/index.php?rest_route=\/wp\/v2\/users\/1"}],"replies":[{"embeddable":true,"href":"https:\/\/www.ticmais.pt\/index.php?rest_route=%2Fwp%2Fv2%2Fcomments&post=3064"}],"version-history":[{"count":0,"href":"https:\/\/www.ticmais.pt\/index.php?rest_route=\/wp\/v2\/posts\/3064\/revisions"}],"wp:attachment":[{"href":"https:\/\/www.ticmais.pt\/index.php?rest_route=%2Fwp%2Fv2%2Fmedia&parent=3064"}],"wp:term":[{"taxonomy":"category","embeddable":true,"href":"https:\/\/www.ticmais.pt\/index.php?rest_route=%2Fwp%2Fv2%2Fcategories&post=3064"},{"taxonomy":"post_tag","embeddable":true,"href":"https:\/\/www.ticmais.pt\/index.php?rest_route=%2Fwp%2Fv2%2Ftags&post=3064"}],"curies":[{"name":"wp","href":"https:\/\/api.w.org\/{rel}","templated":true}]}}