{"id":307,"date":"2007-02-17T16:17:48","date_gmt":"2007-02-17T16:17:48","guid":{"rendered":"http:\/\/www.ticmais.pt\/index.php\/2007\/02\/17\/parque-industrial-parque-de-negocios-ou-parque-tecnologico\/"},"modified":"2020-02-24T02:24:31","modified_gmt":"2020-02-24T01:24:31","slug":"parque-industrial-parque-de-negocios-ou-parque-tecnologico","status":"publish","type":"post","link":"https:\/\/www.ticmais.pt\/?p=307","title":{"rendered":"Parque Industrial, Parque de Neg\u00f3cios ou Parque Tecnol\u00f3gico?"},"content":{"rendered":"<table style=\"width: 100%; text-align: justify;\" border=\"0\" cellspacing=\"5\" cellpadding=\"5\">\n<tbody>\n<tr>\n<td valign=\"top\" width=\"160\"><img loading=\"lazy\" decoding=\"async\" src=\"\/\/www.ticmais.pt\/ticmais\/imagens\/parque-industrial-parque-de-negocios-ou-parque-tecnologico.jpg\" alt=\"\" width=\"160\" height=\"126\" border=\"0\" \/><\/td>\n<td valign=\"top\">\n<div>A op\u00e7\u00e3o da C.M. de Coruche pela amplia\u00e7\u00e3o do actual Parque Industrial do Monte da Barca, em detrimento da cria\u00e7\u00e3o de um novo e moderno Parque de Neg\u00f3cios, contrariamente ao que estava previsto no <a href=\"http:\/\/www.ticmais.pt\/ticmais\/imagens\/parque-industrial-parque-de-negocios-ou-parque-tecnologico1d.jpg\"><span style=\"text-decoration: underline;\"><span style=\"color: #0066cc;\">POR-LVT 2000\/2006<\/span><\/span><\/a> e na <a href=\"http:\/\/www.ticmais.pt\/ticmais\/imagens\/parque-industrial-parque-de-negocios-ou-parque-tecnologico1c.jpg\"><span style=\"text-decoration: underline;\"><span style=\"color: #0066cc;\">proposta de revis\u00e3o do PDM<\/span><\/span><\/a> faz toda a diferen\u00e7a.<\/div>\n<div><\/div>\n<div><a href=\"http:\/\/www.ticmais.pt\/?p=1234\"><img decoding=\"async\" src=\"\/\/www.ticmais.pt\/ticmais\/imagens\/ticmaislogomini.png\" alt=\"\" \/><\/a><\/div>\n<\/td>\n<\/tr>\n<\/tbody>\n<\/table>\n<div style=\"text-align: justify;\"><!--more--><\/div>\n<table style=\"width: 100%; text-align: justify;\" border=\"0\" cellspacing=\"5\" cellpadding=\"5\">\n<tbody>\n<tr>\n<td valign=\"top\">\n<div>Os Parques de Neg\u00f3cios, para al\u00e9m da instala\u00e7\u00e3o de empresas de v\u00e1rios sectores, favorecem ainda a localiza\u00e7\u00e3o de centros de incuba\u00e7\u00e3o de empresas, escolas tecnol\u00f3gicas e\/ou profissionais, centros empresariais (com salas de forma\u00e7\u00e3o, salas de reuni\u00f5es, audit\u00f3rio, etc.) e ainda estruturas complementares de acolhimento, como sejam postos de abastecimento, restaura\u00e7\u00e3o, ag\u00eancias banc\u00e1rias, creches e unidades hoteleiras.<\/div>\n<div><span style=\"color: #800000;\"><span style=\"color: #800000;\"><strong>Pelo contr\u00e1rio, a ambi\u00e7\u00e3o dever\u00e1 ser, isso sim, procurar criar um P\u00f3lo Tecnol\u00f3gico<\/strong><\/span><\/span><\/div>\n<div style=\"text-align: justify;\"><span style=\"color: #000000;\"><strong>O &#8220;Movimento.e-Coruche&#8221; tem a esperan\u00e7a de que, incrementando maior ambi\u00e7\u00e3o assente numa perspectiva de desenvolvimento a curto\/m\u00e9dio prazo dum conjunto de infraestruturas, designadamente:<\/strong><\/span><\/div>\n<\/td>\n<\/tr>\n<\/tbody>\n<\/table>\n<table style=\"width: 100%; text-align: justify;\" border=\"0\" cellspacing=\"5\" cellpadding=\"5\">\n<tbody>\n<tr>\n<td valign=\"top\">\n<div>1.<\/div>\n<\/td>\n<td valign=\"top\">\n<div>Concretiza\u00e7\u00e3o do Parque de Neg\u00f3cios, dotado de modernas infraestruturas de redes digitais de comunica\u00e7\u00e3o, de energia (incluindo o g\u00e1s natural) e com a vertente de incuba\u00e7\u00e3o de empresas.<\/div>\n<\/td>\n<\/tr>\n<\/tbody>\n<\/table>\n<table style=\"width: 100%; text-align: justify;\" border=\"0\" cellspacing=\"5\" cellpadding=\"5\">\n<tbody>\n<tr>\n<td valign=\"top\">\n<div>2.<\/div>\n<\/td>\n<td valign=\"top\">\n<div>Observat\u00f3rio da Corti\u00e7a e o aproveitamento do impulso da investiga\u00e7\u00e3o a ele associada.<\/div>\n<\/td>\n<\/tr>\n<\/tbody>\n<\/table>\n<table style=\"width: 100%; text-align: justify;\" border=\"0\" cellspacing=\"5\" cellpadding=\"5\">\n<tbody>\n<tr>\n<td valign=\"top\">\n<div>3.<\/div>\n<\/td>\n<td valign=\"top\">\n<div><span style=\"color: #000000;\">Melhoria das acessibilidades ao concelho de Coruche (IC10\/IC13, A13, A6, PVGama, Ponte da Lez\u00edria), fundamentais para a regi\u00e3o, muito em particular a variante a Coruche e a correspondente nova travessia sobre o Vale do Sorraia.<\/span><\/div>\n<\/td>\n<\/tr>\n<\/tbody>\n<\/table>\n<table style=\"width: 100%; text-align: justify;\" border=\"0\" cellspacing=\"5\" cellpadding=\"5\">\n<tbody>\n<tr>\n<td valign=\"top\">\n<div>4.<\/div>\n<\/td>\n<td valign=\"top\">\n<div>Melhoria dos n\u00edveis de Mobilidade, designadamente o relan\u00e7amento da liga\u00e7\u00e3o ferrovi\u00e1ria (com prolongamento do ramal de mercadorias que serve a DAI ao Parque de Neg\u00f3cios).<\/div>\n<\/td>\n<\/tr>\n<\/tbody>\n<\/table>\n<table style=\"width: 100%; text-align: justify;\" border=\"0\" cellspacing=\"5\" cellpadding=\"5\">\n<tbody>\n<tr>\n<td valign=\"top\">\n<div>5.<\/div>\n<\/td>\n<td valign=\"top\">\n<div>Constru\u00e7\u00e3o do futuro aeroporto em Alcochete.<span style=\"color: #ffffff;\">&#8230;&#8230;&#8230;&#8230;&#8230;&#8230;&#8230;&#8230;&#8230;&#8230;&#8230;<\/span><\/div>\n<\/td>\n<\/tr>\n<\/tbody>\n<\/table>\n<table style=\"width: 100%; text-align: justify;\" border=\"0\" cellspacing=\"5\" cellpadding=\"5\">\n<tbody>\n<tr>\n<td valign=\"top\">\n<div>6.<\/div>\n<\/td>\n<td valign=\"top\">\n<div>Constru\u00e7\u00e3o no concelho da Unidade B\u00e1sica de Sa\u00fade, prevista para a parte sul do distrito.<span style=\"color: #ffffff;\">&#8230;&#8230;&#8230;&#8230;&#8230;&#8230;&#8230;&#8230;&#8230;&#8230;&#8230;&#8230;&#8230;&#8230;&#8230;&#8230;&#8230;&#8230;&#8230;&#8230;.. <\/span><\/div>\n<\/td>\n<\/tr>\n<\/tbody>\n<\/table>\n<table style=\"width: 100%; text-align: justify;\" border=\"0\" cellspacing=\"5\" cellpadding=\"5\">\n<tbody>\n<tr>\n<td valign=\"top\">\n<div>7.<\/div>\n<\/td>\n<td valign=\"top\">\n<div>O previs\u00edvel desenvolvimento do cluster das Energias Renov\u00e1veis e toda a investiga\u00e7\u00e3o e tecnologia associada, com empresas concelhias bem posicionadas no dom\u00ednio da Energia E\u00f3lica e dos Biocombust\u00edveis (TEGAEL e DAI), sem esquecer o potencial end\u00f3geno no dom\u00ednio da Biomassa Florestal e Solar.<\/div>\n<\/td>\n<\/tr>\n<\/tbody>\n<\/table>\n<table style=\"width: 100%; text-align: justify;\" border=\"0\" cellspacing=\"5\" cellpadding=\"5\">\n<tbody>\n<tr>\n<td colspan=\"2\" valign=\"top\">\n<div>Nesse patamar de desenvolvimento, n\u00e3o ser\u00e1 ut\u00f3pico pensar ter no concelho de Coruche, um P\u00f3lo Tecnol\u00f3gico (empresas com incorpora\u00e7\u00e3o de alta tecnologia, ensino profissional e polit\u00e9cnico), tamb\u00e9m justificado pelos mesmos argumentos que hoje fundamentam a cria\u00e7\u00e3o de uma Unidade B\u00e1sica de Sa\u00fade na parte sul do distrito de Santar\u00e9m relativamente ao desequil\u00edbrio que se verifica com a parte norte.<\/div>\n<\/td>\n<\/tr>\n<\/tbody>\n<\/table>\n<table style=\"width: 100%; text-align: justify;\" border=\"0\" cellspacing=\"5\" cellpadding=\"5\">\n<tbody>\n<tr>\n<td style=\"background-color: #7fc935;\" colspan=\"2\"><span style=\"color: #800000;\"><strong><span style=\"color: #000000;\">Diferen\u00e7as mais significativas entre uma Zona Industrial, um Parque Industrial, um Parque de Neg\u00f3cios e um Parque Tecnol\u00f3gico:<\/span><\/strong><\/span><\/td>\n<\/tr>\n<tr>\n<td style=\"text-align: justify;\" colspan=\"2\"><strong>Zona Industrial<br \/>\n<\/strong><span style=\"color: #333333;\">Considera-se um espa\u00e7o afecto \u00e0 ind\u00fastria num plano de ordenamento e que ainda n\u00e3o se enconta infraestruturado.<\/span><\/p>\n<div style=\"color: #000000; text-align: justify;\">\n<div><strong>Parque Industrial<br \/>\n<\/strong><span style=\"color: #333333;\">Trata-se de um parque ordenado para acolher industrias. Fundamentalmente, a distiin\u00e7\u00e3o entre Zona Industrial e Parque Industrial reside no facto desse espa\u00e7o estar ou n\u00e3o ordenado, existindo ou n\u00e3o um conjunto de infraestruturas diversas (vias de comunica\u00e7\u00e3o, saneamento, telecomunica\u00e7\u00f5es, etc). Caso existam, estando o espa\u00e7o devidamente organizado chama-se Parque Industrial.<br \/>\n<\/span><br \/>\n<strong>Parque de Neg\u00f3cios<br \/>\n<\/strong><span style=\"color: #333333;\">Os parques de neg\u00f3cios s\u00e3o espa\u00e7os para instala\u00e7\u00f5es de empresas que oferecem condi\u00e7\u00f5es qualificadas e de excelente qualidade para o desenvolvimento de actividades empresariais de natureza industrial, log\u00edstica, comercial e de servi\u00e7os. Para al\u00e9m da instala\u00e7\u00e3o de empresas dos referidos sectores, essas estruturas favorecem ainda a localiza\u00e7\u00e3o de centros de incuba\u00e7\u00e3o de empresas, escolas profissionais e\/ou tecnol\u00f3gicas, centros empresariais (com salas de forma\u00e7\u00e3o, salas de reuni\u00f5es, audit\u00f3rio, etc.) e ainda estruturas complementares de acolhimento, como sejam postos de abastecimento, restaura\u00e7\u00e3o, ag\u00eancias banc\u00e1rias, creches e unidades hoteleiras.<\/span><\/div>\n<div style=\"text-align: justify;\"><strong>Parques Tecnol\u00f3gicos\/P\u00f3los Tecnol\u00f3gicos<br \/>\n<\/strong>Consistem em organiza\u00e7\u00f5es geridas por especialistas, que t\u00eam como objectivo aumentar a riqueza da comunidade, atrav\u00e9s da promo\u00e7\u00e3o da cultura de inova\u00e7\u00e3o e competividade das empresas e institui\u00e7\u00f5es.<\/div>\n<\/div>\n<\/td>\n<\/tr>\n<tr>\n<td colspan=\"2\">\n<div>Para que se consigam atingir os objectivos tra\u00e7ados, um Parque de Ci\u00eancia e Tecnologia estimula e gere o fluxo de conhecimentos e tecnologias entre universidades\/institutos Polit\u00e9cnicos, institui\u00e7\u00f5es de I&amp;D, empresas e mercados. Os parques tecnol\u00f3gicos permitem criar e fazer crescer empresas com base na inova\u00e7\u00e3o, atrav\u00e9s da incuba\u00e7\u00e3o e de processos <em>spin-off<\/em>. Podem tamb\u00e9m fornecer outros servi\u00e7os de valor acrescentado, como espa\u00e7os e servi\u00e7os de apoio de qualidade elevada.<\/div>\n<\/td>\n<\/tr>\n<tr>\n<td colspan=\"2\">\n<div style=\"text-align: center;\"><img decoding=\"async\" src=\"\/\/www.ticmais.pt\/ticmais\/imagens\/parque-industrial-parque-de-negocios-ou-parque-tecnologico1.png\" alt=\"\" \/><\/div>\n<\/td>\n<\/tr>\n<\/tbody>\n<\/table>\n<table style=\"width: 100%; text-align: justify;\" border=\"0\" cellspacing=\"5\" cellpadding=\"5\">\n<tbody>\n<tr>\n<td style=\"color: #660000;\" colspan=\"2\">\n<div><span style=\"color: #000000;\"><strong>Incubadora de Empresas<\/strong><br \/>\nUma incubadora de empresas \u00e9 um ambiente flex\u00edvel e encorajador onde \u00e9 oferecida uma s\u00e9rie de facilidades para o arranque e crescimento de novos empreendimentos. Al\u00e9m da assessoria na gest\u00e3o t\u00e9cnica e empresarial da empresa, a incubadora oferece a infra-estrutura e servi\u00e7os compartilhados necess\u00e1rios para o desenvolvimento do novo neg\u00f3cio, como espa\u00e7o f\u00edsico, salas de reuni\u00e3o, telefone, fax, acesso \u00e0 internet, suporte em inform\u00e1tica, entre outros. Dessa forma, as incubadoras de empresas geridas por organismos p\u00fablicos, universidades, associa\u00e7\u00f5es empresariais e funda\u00e7\u00f5es s\u00e3o catalisadoras do processo de desenvolvimento e consolida\u00e7\u00e3o de empreendimentos inovadores no mercado competitivo. Com base na utiliza\u00e7\u00e3o do conhecimento profissional e pr\u00e1tico, os principais objectivos de uma incubadora de empresas est\u00e3o na produ\u00e7\u00e3o de empresas de sucesso e na cria\u00e7\u00e3o de uma cultura empreendedora.<br \/>\n<\/span><br \/>\n<span style=\"color: #000000;\"><strong>&#8220;<em>Spin-off<\/em>&#8220;<\/strong><br \/>\n\u00c9 um termo cient\u00edfico usado para designar projectos ou empreendimentos que &#8220;decolam&#8221; a partir de actividades da universidade e ganham vida pr\u00f3pria.<\/span><\/div>\n<\/td>\n<\/tr>\n<tr>\n<td style=\"background-color: #ffcccc; text-align: justify;\" colspan=\"2\" valign=\"top\">Por natureza, o in\u00edcio de actividade de qualquer empresa \u00e9 problem\u00e1tico e dif\u00edcil. Mas, caso se mantenham no concelho as condi\u00e7\u00f5es actuais, ser\u00e1 pouco prov\u00e1vel, especialmente aos jovens empreendedores, superarem os desafios iniciais do arranque (compra de terreno, projectos, constru\u00e7\u00e3o, etc., etc\u2026).\u00c9 necess\u00e1rio dotar o concelho com estruturas empresariais com melhores e mais s\u00f3lidas condi\u00e7\u00f5es, de modo a promover um ambiente favor\u00e1vel ao fomento de empresas competitivas e combater o risco do insucesso nos primeiros anos de actividade (especialmente nas empresas de perfil tecnol\u00f3gico).Para um concelho como o nosso, o empreendedorismo assume extrema import\u00e2ncia, e se carecemos de progresso n\u00e3o basta detectar os sinais de oportunidade, mas tamb\u00e9m tomar aten\u00e7\u00e3o aos sinais que PODEM IMPEDIR, EFECTIVA OU DEFINITIVAMENTE ESSAS OPORTUNIDADES<\/td>\n<\/tr>\n<\/tbody>\n<\/table>\n<table style=\"width: 100%; text-align: justify;\" border=\"0\" cellspacing=\"5\" cellpadding=\"5\" align=\"justify\">\n<tbody>\n<tr>\n<td valign=\"top\">\n<div><strong><span style=\"color: #990000;\">Os jovens de Coruche que por c\u00e1 v\u00e3o ficando t\u00eam de se libertar da sina de terem unicamente como op\u00e7\u00e3o esta matriz de futuro j\u00e1 gasta: desemprego ou magros assalariados (e prec\u00e1rios) dos grandes interesses.<\/span><\/strong><\/div>\n<\/td>\n<\/tr>\n<\/tbody>\n<\/table>\n<table style=\"width: 100%; text-align: justify;\" border=\"0\" cellspacing=\"5\" cellpadding=\"5\" align=\"justify\">\n<tbody>\n<tr>\n<td valign=\"top\">\n<div><strong>NOTA:<br \/>\n<\/strong>Como se pode verificar, o futuro do concelho poder\u00e1 ser bastante diferente em fun\u00e7\u00e3o da op\u00e7\u00e3o que se tomar!<\/div>\n<\/td>\n<\/tr>\n<tr>\n<td><img decoding=\"async\" src=\"\/\/www.ticmais.pt\/ticmais\/imagens\/Coruche,Antonio Pinheiro da Costa,TicMAIS,Cantanhede,Cidadania, Movimento.png\" alt=\"\" \/><\/td>\n<\/tr>\n<tr>\n<td>\n<div><a href=\"https:\/\/www.ticmais.pt\/\"><span style=\"color: #800000;\"><img decoding=\"async\" src=\"\/\/www.ticmais.pt\/ticmais\/imagens\/Coruche, TicMAIS, Antonio Pinheiro da Costa, Movimento de Cidadania, Cantanhede.png\" alt=\"\" \/><\/span><\/a><\/div>\n<\/td>\n<\/tr>\n<\/tbody>\n<\/table>\n","protected":false},"excerpt":{"rendered":"<p>A op\u00e7\u00e3o da C.M. de Coruche pela amplia\u00e7\u00e3o do actual Parque Industrial do Monte da Barca, em detrimento da cria\u00e7\u00e3o de um novo e moderno Parque de Neg\u00f3cios, contrariamente ao que estava previsto no POR-LVT 2000\/2006 e na proposta de revis\u00e3o do PDM faz toda a diferen\u00e7a.<\/p>\n","protected":false},"author":1,"featured_media":0,"comment_status":"open","ping_status":"open","sticky":false,"template":"","format":"standard","meta":{"footnotes":""},"categories":[15],"tags":[2,3,5,6,17,20,21,22,10,11,12,23,13,19,16],"class_list":["post-307","post","type-post","status-publish","format-standard","hentry","category-tic-mais","tag-antonio-pinheiro-da-costa","tag-camara-municipal-de-coruche","tag-cidadania","tag-coruche","tag-desenvolvimento-economico","tag-ensino","tag-formacao","tag-inovacao","tag-movimentos-civicos","tag-movimento-de-cidadania","tag-municipios","tag-parques-tecnologicos","tag-poder-local","tag-sociedade-do-conhecinentoda-informacao","tag-ticmais"],"_links":{"self":[{"href":"https:\/\/www.ticmais.pt\/index.php?rest_route=\/wp\/v2\/posts\/307","targetHints":{"allow":["GET"]}}],"collection":[{"href":"https:\/\/www.ticmais.pt\/index.php?rest_route=\/wp\/v2\/posts"}],"about":[{"href":"https:\/\/www.ticmais.pt\/index.php?rest_route=\/wp\/v2\/types\/post"}],"author":[{"embeddable":true,"href":"https:\/\/www.ticmais.pt\/index.php?rest_route=\/wp\/v2\/users\/1"}],"replies":[{"embeddable":true,"href":"https:\/\/www.ticmais.pt\/index.php?rest_route=%2Fwp%2Fv2%2Fcomments&post=307"}],"version-history":[{"count":0,"href":"https:\/\/www.ticmais.pt\/index.php?rest_route=\/wp\/v2\/posts\/307\/revisions"}],"wp:attachment":[{"href":"https:\/\/www.ticmais.pt\/index.php?rest_route=%2Fwp%2Fv2%2Fmedia&parent=307"}],"wp:term":[{"taxonomy":"category","embeddable":true,"href":"https:\/\/www.ticmais.pt\/index.php?rest_route=%2Fwp%2Fv2%2Fcategories&post=307"},{"taxonomy":"post_tag","embeddable":true,"href":"https:\/\/www.ticmais.pt\/index.php?rest_route=%2Fwp%2Fv2%2Ftags&post=307"}],"curies":[{"name":"wp","href":"https:\/\/api.w.org\/{rel}","templated":true}]}}