{"id":3093,"date":"2010-08-27T19:27:10","date_gmt":"2010-08-27T18:27:10","guid":{"rendered":"http:\/\/www.ticmais.pt\/?p=3093"},"modified":"2010-08-27T19:27:10","modified_gmt":"2010-08-27T18:27:10","slug":"investigadores-do-porto-querem-colocar-semaforos-dentro-dos-carros-video","status":"publish","type":"post","link":"https:\/\/www.ticmais.pt\/?p=3093","title":{"rendered":"Investigadores do Porto querem colocar sem\u00e1foros dentro dos carros (v\u00eddeo)"},"content":{"rendered":"<table style=\"width: 100%;\" border=\"0\" cellspacing=\"5\" cellpadding=\"5\" align=\"justify\">\n<tbody>\n<tr>\n<td width=\"160\" valign=\"top\">\n<p><img decoding=\"async\" src=\"\/\/www.ticmais.pt\/ticmais\/imagens\/Investigadores%20do%20Porto%20querem%20colocar%20semaforos%20dentro%20dos%20carros%20%20video.png\" alt=\"\" \/><\/p>\n<\/td>\n<td valign=\"top\">\n<p style=\"text-align: justify;\">O projeto <em>Drive In<\/em> arranca em Setembro com a instala\u00e7\u00e3o de uma rede sem fios em 500 t\u00e1xis do Porto. \u00c9 o primeiro passo de um projeto que pretende testar a inclus\u00e3o de sem\u00e1foros dentro de carros. <a href=\"http:\/\/aeiou.exameinformatica.pt\/investigadores-do-porto-querem-colocar-semaforos-dentro-dos-carros-video=f1007039\" target=\"_blank\">Mais&#8230;<\/a><\/p>\n<\/td>\n<\/tr>\n<\/tbody>\n<\/table>\n<p><br class=\"spacer_\" \/><\/p>\n","protected":false},"excerpt":{"rendered":"<p>O projeto Drive In arranca em Setembro com a instala\u00e7\u00e3o de uma rede sem fios em 500 t\u00e1xis do Porto. \u00c9 o primeiro passo de um projeto que pretende testar a inclus\u00e3o de sem\u00e1foros dentro de carros. Mais&#8230;<\/p>\n","protected":false},"author":1,"featured_media":0,"comment_status":"closed","ping_status":"closed","sticky":false,"template":"","format":"standard","meta":{"footnotes":""},"categories":[15],"tags":[479,255,1373,362,339],"class_list":["post-3093","post","type-post","status-publish","format-standard","hentry","category-tic-mais","tag-drive-in","tag-investigacao","tag-porto","tag-transito","tag-universidade"],"_links":{"self":[{"href":"https:\/\/www.ticmais.pt\/index.php?rest_route=\/wp\/v2\/posts\/3093","targetHints":{"allow":["GET"]}}],"collection":[{"href":"https:\/\/www.ticmais.pt\/index.php?rest_route=\/wp\/v2\/posts"}],"about":[{"href":"https:\/\/www.ticmais.pt\/index.php?rest_route=\/wp\/v2\/types\/post"}],"author":[{"embeddable":true,"href":"https:\/\/www.ticmais.pt\/index.php?rest_route=\/wp\/v2\/users\/1"}],"replies":[{"embeddable":true,"href":"https:\/\/www.ticmais.pt\/index.php?rest_route=%2Fwp%2Fv2%2Fcomments&post=3093"}],"version-history":[{"count":0,"href":"https:\/\/www.ticmais.pt\/index.php?rest_route=\/wp\/v2\/posts\/3093\/revisions"}],"wp:attachment":[{"href":"https:\/\/www.ticmais.pt\/index.php?rest_route=%2Fwp%2Fv2%2Fmedia&parent=3093"}],"wp:term":[{"taxonomy":"category","embeddable":true,"href":"https:\/\/www.ticmais.pt\/index.php?rest_route=%2Fwp%2Fv2%2Fcategories&post=3093"},{"taxonomy":"post_tag","embeddable":true,"href":"https:\/\/www.ticmais.pt\/index.php?rest_route=%2Fwp%2Fv2%2Ftags&post=3093"}],"curies":[{"name":"wp","href":"https:\/\/api.w.org\/{rel}","templated":true}]}}