{"id":3115,"date":"2010-09-05T22:51:43","date_gmt":"2010-09-05T21:51:43","guid":{"rendered":"http:\/\/www.ticmais.pt\/?p=3115"},"modified":"2010-09-05T22:51:43","modified_gmt":"2010-09-05T21:51:43","slug":"ios-4-1-disponivel-no-dia-8-de-setembro","status":"publish","type":"post","link":"https:\/\/www.ticmais.pt\/?p=3115","title":{"rendered":"iOS 4.1 dispon\u00edvel no dia 8 de Setembro"},"content":{"rendered":"<table style=\"width: 100%;\" border=\"0\" cellspacing=\"5\" cellpadding=\"5\" align=\"justify\">\n<tbody>\n<tr>\n<td width=\"160\" valign=\"top\">\n<p><img decoding=\"async\" src=\"\/\/www.ticmais.pt\/ticmais\/imagens\/iOS%204.1%20disponivel%20no%20dia%208%20de%20Setembro.jpg\" alt=\"\" \/><\/p>\n<\/td>\n<td valign=\"top\">\n<p style=\"text-align: justify;\">Segundo os sites europeus da Apple, Portugal inclu\u00eddo, referem na respectiva p\u00e1gina de actualiza\u00e7\u00e3o do iOS 4.1, que a actualiza\u00e7\u00e3o estar\u00e1 dispon\u00edvel no pr\u00f3xima dia 8 de Setembro, isto \u00e9, j\u00e1 na pr\u00f3xima quarta-feira, mantendo a tradi\u00e7\u00e3o dos anos anteriores, ou seja, a Apple no evento dos iPods anuncia o lan\u00e7amento, mas o mesmo s\u00f3 ocorre uma semana depois. <a href=\"http:\/\/promais.com\/blog\/2010\/09\/04\/ios-4-1-disponivel-no-dia-8-de-setembro\/\" target=\"_blank\">Mais&#8230;<\/a><\/p>\n<\/td>\n<\/tr>\n<\/tbody>\n<\/table>\n<p><br class=\"spacer_\" \/><\/p>\n","protected":false},"excerpt":{"rendered":"<p>Segundo os sites europeus da Apple, Portugal inclu\u00eddo, referem na respectiva p\u00e1gina de actualiza\u00e7\u00e3o do iOS 4.1, que a actualiza\u00e7\u00e3o estar\u00e1 dispon\u00edvel no pr\u00f3xima dia 8 de Setembro, isto \u00e9, j\u00e1 na pr\u00f3xima quarta-feira, mantendo a tradi\u00e7\u00e3o dos anos anteriores, ou seja, a Apple no evento dos iPods anuncia o lan\u00e7amento, mas o mesmo s\u00f3 [&hellip;]<\/p>\n","protected":false},"author":1,"featured_media":0,"comment_status":"closed","ping_status":"closed","sticky":false,"template":"","format":"standard","meta":{"footnotes":""},"categories":[15],"tags":[1393],"class_list":["post-3115","post","type-post","status-publish","format-standard","hentry","category-tic-mais","tag-iphone-os-4-1"],"_links":{"self":[{"href":"https:\/\/www.ticmais.pt\/index.php?rest_route=\/wp\/v2\/posts\/3115","targetHints":{"allow":["GET"]}}],"collection":[{"href":"https:\/\/www.ticmais.pt\/index.php?rest_route=\/wp\/v2\/posts"}],"about":[{"href":"https:\/\/www.ticmais.pt\/index.php?rest_route=\/wp\/v2\/types\/post"}],"author":[{"embeddable":true,"href":"https:\/\/www.ticmais.pt\/index.php?rest_route=\/wp\/v2\/users\/1"}],"replies":[{"embeddable":true,"href":"https:\/\/www.ticmais.pt\/index.php?rest_route=%2Fwp%2Fv2%2Fcomments&post=3115"}],"version-history":[{"count":0,"href":"https:\/\/www.ticmais.pt\/index.php?rest_route=\/wp\/v2\/posts\/3115\/revisions"}],"wp:attachment":[{"href":"https:\/\/www.ticmais.pt\/index.php?rest_route=%2Fwp%2Fv2%2Fmedia&parent=3115"}],"wp:term":[{"taxonomy":"category","embeddable":true,"href":"https:\/\/www.ticmais.pt\/index.php?rest_route=%2Fwp%2Fv2%2Fcategories&post=3115"},{"taxonomy":"post_tag","embeddable":true,"href":"https:\/\/www.ticmais.pt\/index.php?rest_route=%2Fwp%2Fv2%2Ftags&post=3115"}],"curies":[{"name":"wp","href":"https:\/\/api.w.org\/{rel}","templated":true}]}}