{"id":3137,"date":"2010-09-08T23:27:59","date_gmt":"2010-09-08T22:27:59","guid":{"rendered":"http:\/\/www.ticmais.pt\/?p=3137"},"modified":"2010-09-08T23:27:59","modified_gmt":"2010-09-08T22:27:59","slug":"novo-cabo-submarino-liga-portugal-e-africa","status":"publish","type":"post","link":"https:\/\/www.ticmais.pt\/?p=3137","title":{"rendered":"Novo cabo submarino liga Portugal e \u00c1frica"},"content":{"rendered":"<table style=\"width: 100%;\" border=\"0\" cellspacing=\"5\" cellpadding=\"5\" align=\"justify\">\n<tbody>\n<tr>\n<td width=\"160\" valign=\"top\">\n<p><img decoding=\"async\" src=\"\/\/www.ticmais.pt\/ticmais\/imagens\/Novo%20cabo%20submarino%20liga%20Portugal%20e%20Africa.jpg\" alt=\"\" \/><\/p>\n<\/td>\n<td valign=\"top\">\n<p style=\"text-align: justify;\">A nova rede de cabo submarino vai refor\u00e7ar a conectividade entre \u00c1frica e Europa, uma vez que proporcionar\u00e1 uma melhoria das comunica\u00e7\u00f5es e do servi\u00e7o de Internet. A capacidade de transmiss\u00e3o passa dos actuais 3,8 Tbit\/s para os 5,12 Tbit\/s. <a href=\"http:\/\/www.pcguia.xl.pt\/sec-telecomunicacoes\/11-telecomunicacoes\/427-novo-cabo-submarino-liga-portugal-e-africa.html\" target=\"_blank\">Mais&#8230;<\/a><\/p>\n<\/td>\n<\/tr>\n<\/tbody>\n<\/table>\n<p><br class=\"spacer_\" \/><\/p>\n","protected":false},"excerpt":{"rendered":"<p>A nova rede de cabo submarino vai refor\u00e7ar a conectividade entre \u00c1frica e Europa, uma vez que proporcionar\u00e1 uma melhoria das comunica\u00e7\u00f5es e do servi\u00e7o de Internet. A capacidade de transmiss\u00e3o passa dos actuais 3,8 Tbit\/s para os 5,12 Tbit\/s. Mais&#8230;<\/p>\n","protected":false},"author":1,"featured_media":0,"comment_status":"closed","ping_status":"closed","sticky":false,"template":"","format":"standard","meta":{"footnotes":""},"categories":[15],"tags":[1161,1415,34,132,35],"class_list":["post-3137","post","type-post","status-publish","format-standard","hentry","category-tic-mais","tag-africa","tag-cabo-sumarino","tag-internet","tag-portugal","tag-telecomunicacoes"],"_links":{"self":[{"href":"https:\/\/www.ticmais.pt\/index.php?rest_route=\/wp\/v2\/posts\/3137","targetHints":{"allow":["GET"]}}],"collection":[{"href":"https:\/\/www.ticmais.pt\/index.php?rest_route=\/wp\/v2\/posts"}],"about":[{"href":"https:\/\/www.ticmais.pt\/index.php?rest_route=\/wp\/v2\/types\/post"}],"author":[{"embeddable":true,"href":"https:\/\/www.ticmais.pt\/index.php?rest_route=\/wp\/v2\/users\/1"}],"replies":[{"embeddable":true,"href":"https:\/\/www.ticmais.pt\/index.php?rest_route=%2Fwp%2Fv2%2Fcomments&post=3137"}],"version-history":[{"count":0,"href":"https:\/\/www.ticmais.pt\/index.php?rest_route=\/wp\/v2\/posts\/3137\/revisions"}],"wp:attachment":[{"href":"https:\/\/www.ticmais.pt\/index.php?rest_route=%2Fwp%2Fv2%2Fmedia&parent=3137"}],"wp:term":[{"taxonomy":"category","embeddable":true,"href":"https:\/\/www.ticmais.pt\/index.php?rest_route=%2Fwp%2Fv2%2Fcategories&post=3137"},{"taxonomy":"post_tag","embeddable":true,"href":"https:\/\/www.ticmais.pt\/index.php?rest_route=%2Fwp%2Fv2%2Ftags&post=3137"}],"curies":[{"name":"wp","href":"https:\/\/api.w.org\/{rel}","templated":true}]}}