{"id":3142,"date":"2010-09-10T15:53:12","date_gmt":"2010-09-10T14:53:12","guid":{"rendered":"http:\/\/www.ticmais.pt\/?p=3142"},"modified":"2010-09-10T15:53:12","modified_gmt":"2010-09-10T14:53:12","slug":"europa-quer-dar-novos-usos-a-informacao-publica","status":"publish","type":"post","link":"https:\/\/www.ticmais.pt\/?p=3142","title":{"rendered":"Europa quer dar novos usos a informa\u00e7\u00e3o p\u00fablica"},"content":{"rendered":"<table style=\"width: 100%;\" border=\"0\" cellspacing=\"5\" cellpadding=\"5\" align=\"justify\">\n<tbody>\n<tr>\n<td width=\"160\" valign=\"top\">\n<p><img decoding=\"async\" src=\"\/\/www.ticmais.pt\/ticmais\/imagens\/Europa%20quer%20dar%20novos%20usos%20a%20informacao%20publica.jpg\" alt=\"\" \/><\/p>\n<\/td>\n<td valign=\"top\">\n<p style=\"text-align: justify;\">Mapas, informa\u00e7\u00e3o meteorol\u00f3gica, dados de tr\u00e1fego ou financeiros recolhidos por organismos p\u00fablicos devem ser reutilizados pelo sector privado para desenvolver produtos inovadores? A CE quer saber a opini\u00e3o das empresas e cidad\u00e3os. <a href=\"http:\/\/tek.sapo.pt\/noticias\/internet\/europa_quer_dar_novos_usos_a_informacao_publi_1091200.html\" target=\"_blank\">Mais&#8230;<\/a><\/p>\n<p style=\"text-align: justify;\">\u00a0<\/p>\n<\/td>\n<\/tr>\n<\/tbody>\n<\/table>\n<p><br class=\"spacer_\" \/><\/p>\n","protected":false},"excerpt":{"rendered":"<p>Mapas, informa\u00e7\u00e3o meteorol\u00f3gica, dados de tr\u00e1fego ou financeiros recolhidos por organismos p\u00fablicos devem ser reutilizados pelo sector privado para desenvolver produtos inovadores? A CE quer saber a opini\u00e3o das empresas e cidad\u00e3os. Mais&#8230; \u00a0<\/p>\n","protected":false},"author":1,"featured_media":0,"comment_status":"closed","ping_status":"closed","sticky":false,"template":"","format":"standard","meta":{"footnotes":""},"categories":[15],"tags":[1328,1420,559,77,310,326,1421],"class_list":["post-3142","post","type-post","status-publish","format-standard","hentry","category-tic-mais","tag-ce","tag-consulta-publica","tag-europa","tag-gps","tag-informacao","tag-mapas","tag-meteorologia"],"_links":{"self":[{"href":"https:\/\/www.ticmais.pt\/index.php?rest_route=\/wp\/v2\/posts\/3142","targetHints":{"allow":["GET"]}}],"collection":[{"href":"https:\/\/www.ticmais.pt\/index.php?rest_route=\/wp\/v2\/posts"}],"about":[{"href":"https:\/\/www.ticmais.pt\/index.php?rest_route=\/wp\/v2\/types\/post"}],"author":[{"embeddable":true,"href":"https:\/\/www.ticmais.pt\/index.php?rest_route=\/wp\/v2\/users\/1"}],"replies":[{"embeddable":true,"href":"https:\/\/www.ticmais.pt\/index.php?rest_route=%2Fwp%2Fv2%2Fcomments&post=3142"}],"version-history":[{"count":0,"href":"https:\/\/www.ticmais.pt\/index.php?rest_route=\/wp\/v2\/posts\/3142\/revisions"}],"wp:attachment":[{"href":"https:\/\/www.ticmais.pt\/index.php?rest_route=%2Fwp%2Fv2%2Fmedia&parent=3142"}],"wp:term":[{"taxonomy":"category","embeddable":true,"href":"https:\/\/www.ticmais.pt\/index.php?rest_route=%2Fwp%2Fv2%2Fcategories&post=3142"},{"taxonomy":"post_tag","embeddable":true,"href":"https:\/\/www.ticmais.pt\/index.php?rest_route=%2Fwp%2Fv2%2Ftags&post=3142"}],"curies":[{"name":"wp","href":"https:\/\/api.w.org\/{rel}","templated":true}]}}