{"id":3184,"date":"2010-09-14T09:23:27","date_gmt":"2010-09-14T08:23:27","guid":{"rendered":"http:\/\/www.ticmais.pt\/?p=3184"},"modified":"2010-09-14T09:23:27","modified_gmt":"2010-09-14T08:23:27","slug":"cibertelevisao-a-caixa-do-futuro-video","status":"publish","type":"post","link":"https:\/\/www.ticmais.pt\/?p=3184","title":{"rendered":"Cibertelevis\u00e3o, a caixa do futuro (v\u00eddeo)"},"content":{"rendered":"<table style=\"width: 100%;\" border=\"0\" cellspacing=\"5\" cellpadding=\"5\" align=\"justify\">\n<tbody>\n<tr>\n<td width=\"160\" valign=\"top\">\n<p><img decoding=\"async\" src=\"\/\/www.ticmais.pt\/ticmais\/imagens\/Cibertelevisao%20a%20caixa%20do%20futuro%20video.jpg\" alt=\"\" \/><\/p>\n<\/td>\n<td valign=\"top\">\n<p style=\"text-align: justify;\">Os conte\u00fados televisivos do futuro ser\u00e3o aut\u00eanticos &#8220;3 em 1&#8221; com a extens\u00e3o da TV aos computadores e aos telem\u00f3veis. O Falar Global acompanhou a confer\u00eancia do Grupo Impresa, onde foram apresentadas v\u00e1rias novidades sobre o que est\u00e1 para chegar. <a href=\"http:\/\/aeiou.expresso.pt\/cibertelevisao-a-caixa-do-futuro-video=f603432\" target=\"_blank\">Mais&#8230;<\/a><\/p>\n<\/td>\n<\/tr>\n<\/tbody>\n<\/table>\n<p><br class=\"spacer_\" \/><\/p>\n","protected":false},"excerpt":{"rendered":"<p>Os conte\u00fados televisivos do futuro ser\u00e3o aut\u00eanticos &#8220;3 em 1&#8221; com a extens\u00e3o da TV aos computadores e aos telem\u00f3veis. O Falar Global acompanhou a confer\u00eancia do Grupo Impresa, onde foram apresentadas v\u00e1rias novidades sobre o que est\u00e1 para chegar. Mais&#8230;<\/p>\n","protected":false},"author":1,"featured_media":0,"comment_status":"closed","ping_status":"closed","sticky":false,"template":"","format":"standard","meta":{"footnotes":""},"categories":[15],"tags":[31,1427,1367,92,218,377,166,1171],"class_list":["post-3184","post","type-post","status-publish","format-standard","hentry","category-tic-mais","tag-3play","tag-cibertelevisao","tag-falar-global","tag-google","tag-iptv","tag-sic","tag-televisao","tag-tv"],"_links":{"self":[{"href":"https:\/\/www.ticmais.pt\/index.php?rest_route=\/wp\/v2\/posts\/3184","targetHints":{"allow":["GET"]}}],"collection":[{"href":"https:\/\/www.ticmais.pt\/index.php?rest_route=\/wp\/v2\/posts"}],"about":[{"href":"https:\/\/www.ticmais.pt\/index.php?rest_route=\/wp\/v2\/types\/post"}],"author":[{"embeddable":true,"href":"https:\/\/www.ticmais.pt\/index.php?rest_route=\/wp\/v2\/users\/1"}],"replies":[{"embeddable":true,"href":"https:\/\/www.ticmais.pt\/index.php?rest_route=%2Fwp%2Fv2%2Fcomments&post=3184"}],"version-history":[{"count":0,"href":"https:\/\/www.ticmais.pt\/index.php?rest_route=\/wp\/v2\/posts\/3184\/revisions"}],"wp:attachment":[{"href":"https:\/\/www.ticmais.pt\/index.php?rest_route=%2Fwp%2Fv2%2Fmedia&parent=3184"}],"wp:term":[{"taxonomy":"category","embeddable":true,"href":"https:\/\/www.ticmais.pt\/index.php?rest_route=%2Fwp%2Fv2%2Fcategories&post=3184"},{"taxonomy":"post_tag","embeddable":true,"href":"https:\/\/www.ticmais.pt\/index.php?rest_route=%2Fwp%2Fv2%2Ftags&post=3184"}],"curies":[{"name":"wp","href":"https:\/\/api.w.org\/{rel}","templated":true}]}}