{"id":3185,"date":"2010-09-14T09:32:10","date_gmt":"2010-09-14T08:32:10","guid":{"rendered":"http:\/\/www.ticmais.pt\/?p=3185"},"modified":"2010-09-14T09:32:10","modified_gmt":"2010-09-14T08:32:10","slug":"intel-detalha-nova-geracao-de-processadores","status":"publish","type":"post","link":"https:\/\/www.ticmais.pt\/?p=3185","title":{"rendered":"Intel detalha nova gera\u00e7\u00e3o de processadores"},"content":{"rendered":"<table style=\"width: 100%;\" border=\"0\" cellspacing=\"5\" cellpadding=\"5\" align=\"justify\">\n<tbody>\n<tr>\n<td width=\"160\" valign=\"top\">\n<p><img decoding=\"async\" src=\"\/\/www.ticmais.pt\/ticmais\/imagens\/Intel%20detalha%20nova%20geracao%20de%20processadores.jpg\" alt=\"\" \/><\/p>\n<\/td>\n<td valign=\"top\">\n<p>A Intel aproveitou a sua confer\u00eancia de programadores para revelar detalhes da pr\u00f3xima gera\u00e7\u00e3o de chips com data prevista de chegada ao mercado para o in\u00edcio do pr\u00f3ximo ano. Performance \u00e9 o elemento central. <a href=\"http:\/\/tek.sapo.pt\/noticias\/computadores\/intel_detalha_nova_geracao_de_processadores_1092196.html\" target=\"_blank\">Mais&#8230;<br \/>\n<\/a>\u00a0<\/p>\n<\/td>\n<\/tr>\n<\/tbody>\n<\/table>\n<p><br class=\"spacer_\" \/><\/p>\n","protected":false},"excerpt":{"rendered":"<p>A Intel aproveitou a sua confer\u00eancia de programadores para revelar detalhes da pr\u00f3xima gera\u00e7\u00e3o de chips com data prevista de chegada ao mercado para o in\u00edcio do pr\u00f3ximo ano. Performance \u00e9 o elemento central. Mais&#8230; \u00a0<\/p>\n","protected":false},"author":1,"featured_media":0,"comment_status":"closed","ping_status":"closed","sticky":false,"template":"","format":"standard","meta":{"footnotes":""},"categories":[15],"tags":[79,1428,155],"class_list":["post-3185","post","type-post","status-publish","format-standard","hentry","category-tic-mais","tag-intel","tag-nova-geracao","tag-processadores"],"_links":{"self":[{"href":"https:\/\/www.ticmais.pt\/index.php?rest_route=\/wp\/v2\/posts\/3185","targetHints":{"allow":["GET"]}}],"collection":[{"href":"https:\/\/www.ticmais.pt\/index.php?rest_route=\/wp\/v2\/posts"}],"about":[{"href":"https:\/\/www.ticmais.pt\/index.php?rest_route=\/wp\/v2\/types\/post"}],"author":[{"embeddable":true,"href":"https:\/\/www.ticmais.pt\/index.php?rest_route=\/wp\/v2\/users\/1"}],"replies":[{"embeddable":true,"href":"https:\/\/www.ticmais.pt\/index.php?rest_route=%2Fwp%2Fv2%2Fcomments&post=3185"}],"version-history":[{"count":0,"href":"https:\/\/www.ticmais.pt\/index.php?rest_route=\/wp\/v2\/posts\/3185\/revisions"}],"wp:attachment":[{"href":"https:\/\/www.ticmais.pt\/index.php?rest_route=%2Fwp%2Fv2%2Fmedia&parent=3185"}],"wp:term":[{"taxonomy":"category","embeddable":true,"href":"https:\/\/www.ticmais.pt\/index.php?rest_route=%2Fwp%2Fv2%2Fcategories&post=3185"},{"taxonomy":"post_tag","embeddable":true,"href":"https:\/\/www.ticmais.pt\/index.php?rest_route=%2Fwp%2Fv2%2Ftags&post=3185"}],"curies":[{"name":"wp","href":"https:\/\/api.w.org\/{rel}","templated":true}]}}