{"id":3194,"date":"2010-09-16T11:39:15","date_gmt":"2010-09-16T10:39:15","guid":{"rendered":"http:\/\/www.ticmais.pt\/?p=3194"},"modified":"2010-09-16T11:39:15","modified_gmt":"2010-09-16T10:39:15","slug":"pt-obrigada-a-abrir-redes-de-fibra-optica","status":"publish","type":"post","link":"https:\/\/www.ticmais.pt\/?p=3194","title":{"rendered":"PT obrigada a abrir redes de fibra \u00f3ptica"},"content":{"rendered":"<table style=\"width: 100%;\" border=\"0\" cellspacing=\"5\" cellpadding=\"5\" align=\"justify\">\n<tbody>\n<tr>\n<td width=\"160\" valign=\"top\">\n<p><img decoding=\"async\" src=\"\/\/www.ticmais.pt\/ticmais\/imagens\/PT%20obrigada%20a%20abrir%20redes%20de%20fibra%20optica.jpg\" alt=\"\" \/><\/p>\n<\/td>\n<td valign=\"top\">\n<p style=\"text-align: justify;\">Bruxelas vai impor aos grandes operadores a aplica\u00e7\u00e3o, \u00e0s redes de nova gera\u00e7\u00e3o, dos mesmos princ\u00edpios b\u00e1sicos usados nas redes de cobre. <a href=\"http:\/\/tek.sapo.pt\/noticias\/telecomunicacoes\/pt_obrigada_a_abrir_redes_de_fibra_optica_1092782.html\" target=\"_blank\">Mais&#8230;<\/a><\/p>\n<\/td>\n<\/tr>\n<\/tbody>\n<\/table>\n<p><br class=\"spacer_\" \/><\/p>\n","protected":false},"excerpt":{"rendered":"<p>Bruxelas vai impor aos grandes operadores a aplica\u00e7\u00e3o, \u00e0s redes de nova gera\u00e7\u00e3o, dos mesmos princ\u00edpios b\u00e1sicos usados nas redes de cobre. Mais&#8230;<\/p>\n","protected":false},"author":1,"featured_media":0,"comment_status":"closed","ping_status":"closed","sticky":false,"template":"","format":"standard","meta":{"footnotes":""},"categories":[15],"tags":[124,376,86,99],"class_list":["post-3194","post","type-post","status-publish","format-standard","hentry","category-tic-mais","tag-fibra-optica","tag-portugal-telecom","tag-redes","tag-uniao-europeia"],"_links":{"self":[{"href":"https:\/\/www.ticmais.pt\/index.php?rest_route=\/wp\/v2\/posts\/3194","targetHints":{"allow":["GET"]}}],"collection":[{"href":"https:\/\/www.ticmais.pt\/index.php?rest_route=\/wp\/v2\/posts"}],"about":[{"href":"https:\/\/www.ticmais.pt\/index.php?rest_route=\/wp\/v2\/types\/post"}],"author":[{"embeddable":true,"href":"https:\/\/www.ticmais.pt\/index.php?rest_route=\/wp\/v2\/users\/1"}],"replies":[{"embeddable":true,"href":"https:\/\/www.ticmais.pt\/index.php?rest_route=%2Fwp%2Fv2%2Fcomments&post=3194"}],"version-history":[{"count":0,"href":"https:\/\/www.ticmais.pt\/index.php?rest_route=\/wp\/v2\/posts\/3194\/revisions"}],"wp:attachment":[{"href":"https:\/\/www.ticmais.pt\/index.php?rest_route=%2Fwp%2Fv2%2Fmedia&parent=3194"}],"wp:term":[{"taxonomy":"category","embeddable":true,"href":"https:\/\/www.ticmais.pt\/index.php?rest_route=%2Fwp%2Fv2%2Fcategories&post=3194"},{"taxonomy":"post_tag","embeddable":true,"href":"https:\/\/www.ticmais.pt\/index.php?rest_route=%2Fwp%2Fv2%2Ftags&post=3194"}],"curies":[{"name":"wp","href":"https:\/\/api.w.org\/{rel}","templated":true}]}}