{"id":3231,"date":"2010-09-27T15:37:15","date_gmt":"2010-09-27T14:37:15","guid":{"rendered":"http:\/\/www.ticmais.pt\/?p=3231"},"modified":"2010-09-27T15:37:15","modified_gmt":"2010-09-27T14:37:15","slug":"transportes-publicos-mais-inteligentes","status":"publish","type":"post","link":"https:\/\/www.ticmais.pt\/?p=3231","title":{"rendered":"Transportes p\u00fablicos mais inteligentes"},"content":{"rendered":"<table style=\"width: 100%;\" border=\"0\" cellspacing=\"5\" cellpadding=\"5\" align=\"justify\">\n<tbody>\n<tr>\n<td width=\"160\" valign=\"top\">\n<p><img decoding=\"async\" src=\"\/\/www.ticmais.pt\/ticmais\/imagens\/Transportes%20publicos%20mais%20inteligentes.jpg\" alt=\"\" \/><\/p>\n<\/td>\n<td valign=\"top\">\n<p>No rescaldo da Semana Europeia da Mobilidade, o TeK lembra h\u00e1bitos de transporte mais amigos do ambiente e re\u00fane o conjunto de iniciativas inovadoras preparadas em Portugal nesta \u00e1rea. <a href=\"http:\/\/tek.sapo.pt\/extras\/montra\/montra_tek_transportes_publicos_mais_intelige_1094947.html\" target=\"_blank\">Mais&#8230;<\/a><\/p>\n<\/td>\n<\/tr>\n<\/tbody>\n<\/table>\n<p><br class=\"spacer_\" \/><\/p>\n","protected":false},"excerpt":{"rendered":"<p>No rescaldo da Semana Europeia da Mobilidade, o TeK lembra h\u00e1bitos de transporte mais amigos do ambiente e re\u00fane o conjunto de iniciativas inovadoras preparadas em Portugal nesta \u00e1rea. Mais&#8230;<\/p>\n","protected":false},"author":1,"featured_media":0,"comment_status":"closed","ping_status":"closed","sticky":false,"template":"","format":"standard","meta":{"footnotes":""},"categories":[15],"tags":[25,202,113],"class_list":["post-3231","post","type-post","status-publish","format-standard","hentry","category-tic-mais","tag-ecologia-e-desenvolvimento-sustentavel","tag-mobilidade","tag-transportes"],"_links":{"self":[{"href":"https:\/\/www.ticmais.pt\/index.php?rest_route=\/wp\/v2\/posts\/3231","targetHints":{"allow":["GET"]}}],"collection":[{"href":"https:\/\/www.ticmais.pt\/index.php?rest_route=\/wp\/v2\/posts"}],"about":[{"href":"https:\/\/www.ticmais.pt\/index.php?rest_route=\/wp\/v2\/types\/post"}],"author":[{"embeddable":true,"href":"https:\/\/www.ticmais.pt\/index.php?rest_route=\/wp\/v2\/users\/1"}],"replies":[{"embeddable":true,"href":"https:\/\/www.ticmais.pt\/index.php?rest_route=%2Fwp%2Fv2%2Fcomments&post=3231"}],"version-history":[{"count":0,"href":"https:\/\/www.ticmais.pt\/index.php?rest_route=\/wp\/v2\/posts\/3231\/revisions"}],"wp:attachment":[{"href":"https:\/\/www.ticmais.pt\/index.php?rest_route=%2Fwp%2Fv2%2Fmedia&parent=3231"}],"wp:term":[{"taxonomy":"category","embeddable":true,"href":"https:\/\/www.ticmais.pt\/index.php?rest_route=%2Fwp%2Fv2%2Fcategories&post=3231"},{"taxonomy":"post_tag","embeddable":true,"href":"https:\/\/www.ticmais.pt\/index.php?rest_route=%2Fwp%2Fv2%2Ftags&post=3231"}],"curies":[{"name":"wp","href":"https:\/\/api.w.org\/{rel}","templated":true}]}}