{"id":3258,"date":"2010-10-07T01:57:26","date_gmt":"2010-10-07T00:57:26","guid":{"rendered":"http:\/\/www.ticmais.pt\/?p=3258"},"modified":"2010-10-07T01:57:26","modified_gmt":"2010-10-07T00:57:26","slug":"twizy-o-citadino-electrico-de-dois-lugares-da-renault","status":"publish","type":"post","link":"https:\/\/www.ticmais.pt\/?p=3258","title":{"rendered":"Twizy, o citadino el\u00e9ctrico de dois lugares da Renault"},"content":{"rendered":"<table style=\"width: 100%;\" border=\"0\" cellspacing=\"5\" cellpadding=\"5\" align=\"justify\">\n<tbody>\n<tr>\n<td width=\"160\" valign=\"top\">\n<p><img decoding=\"async\" src=\"\/\/www.ticmais.pt\/ticmais\/imagens\/Twizy%20o%20citadino%20electrico%20de%20dois%20lugares%20da%20Renault.jpg\" alt=\"\" \/><\/p>\n<\/td>\n<td valign=\"top\">\n<p style=\"text-align: justify;\">A ofensiva de ve\u00edculos el\u00e9ctricos da Renault tem no Twizy o projecto mais inusitado e invulgar de toda a gama \u00abZero Emission\u00bb da marca francesa, composta ainda pelo Kangoo, Fluence e Zoe, todos apresentados na sua vers\u00e3o definitiva no Sal\u00e3o Autom\u00f3vel de Paris. <a href=\"http:\/\/www.autoportal.iol.pt\/noticias\/novidades\/twizy-o-citadino-electrico-de-dois-lugares-da-renault\" target=\"_blank\">Mais&#8230;<\/a><\/p>\n<\/td>\n<\/tr>\n<\/tbody>\n<\/table>\n<p><br class=\"spacer_\" \/><\/p>\n","protected":false},"excerpt":{"rendered":"<p>A ofensiva de ve\u00edculos el\u00e9ctricos da Renault tem no Twizy o projecto mais inusitado e invulgar de toda a gama \u00abZero Emission\u00bb da marca francesa, composta ainda pelo Kangoo, Fluence e Zoe, todos apresentados na sua vers\u00e3o definitiva no Sal\u00e3o Autom\u00f3vel de Paris. Mais&#8230;<\/p>\n","protected":false},"author":1,"featured_media":0,"comment_status":"closed","ping_status":"closed","sticky":false,"template":"","format":"standard","meta":{"footnotes":""},"categories":[15],"tags":[1478,59],"class_list":["post-3258","post","type-post","status-publish","format-standard","hentry","category-tic-mais","tag-renault","tag-veiculos-electricos"],"_links":{"self":[{"href":"https:\/\/www.ticmais.pt\/index.php?rest_route=\/wp\/v2\/posts\/3258","targetHints":{"allow":["GET"]}}],"collection":[{"href":"https:\/\/www.ticmais.pt\/index.php?rest_route=\/wp\/v2\/posts"}],"about":[{"href":"https:\/\/www.ticmais.pt\/index.php?rest_route=\/wp\/v2\/types\/post"}],"author":[{"embeddable":true,"href":"https:\/\/www.ticmais.pt\/index.php?rest_route=\/wp\/v2\/users\/1"}],"replies":[{"embeddable":true,"href":"https:\/\/www.ticmais.pt\/index.php?rest_route=%2Fwp%2Fv2%2Fcomments&post=3258"}],"version-history":[{"count":0,"href":"https:\/\/www.ticmais.pt\/index.php?rest_route=\/wp\/v2\/posts\/3258\/revisions"}],"wp:attachment":[{"href":"https:\/\/www.ticmais.pt\/index.php?rest_route=%2Fwp%2Fv2%2Fmedia&parent=3258"}],"wp:term":[{"taxonomy":"category","embeddable":true,"href":"https:\/\/www.ticmais.pt\/index.php?rest_route=%2Fwp%2Fv2%2Fcategories&post=3258"},{"taxonomy":"post_tag","embeddable":true,"href":"https:\/\/www.ticmais.pt\/index.php?rest_route=%2Fwp%2Fv2%2Ftags&post=3258"}],"curies":[{"name":"wp","href":"https:\/\/api.w.org\/{rel}","templated":true}]}}