{"id":3277,"date":"2010-10-13T21:47:51","date_gmt":"2010-10-13T20:47:51","guid":{"rendered":"http:\/\/www.ticmais.pt\/?p=3277"},"modified":"2010-10-13T21:47:51","modified_gmt":"2010-10-13T20:47:51","slug":"portugal-entre-os-ultimos-no-acesso-a-net-a-partir-de-casa","status":"publish","type":"post","link":"https:\/\/www.ticmais.pt\/?p=3277","title":{"rendered":"Portugal entre os \u00faltimos no acesso \u00e0 Net a partir de casa"},"content":{"rendered":"<table style=\"width: 100%;\" border=\"0\" cellspacing=\"5\" cellpadding=\"5\" align=\"justify\">\n<tbody>\n<tr>\n<td width=\"160\" valign=\"top\">\n<p><img decoding=\"async\" src=\"\/\/www.ticmais.pt\/ticmais\/imagens\/Portugal%20entre%20os%20ultimos%20no%20acesso%20a%20Net%20a%20partir%20de%20casa.jpg\" alt=\"\" \/><\/p>\n<\/td>\n<td valign=\"top\">\n<p>Seis em cada dez agregados familiares portugueses n\u00e3o tem liga\u00e7\u00e3o \u00e0 grande rede, o que coloca Portugal na 23\u00aa posi\u00e7\u00e3o no conjunto de pa\u00edses que integra a UE a 27, revela a Comiss\u00e3o Europeia.\u00a0<a href=\"http:\/\/tek.sapo.pt\/noticias\/internet\/portugal_entre_os_ultimos_no_acesso_a_net_a_p_1098227.html\" target=\"_blank\">Mais&#8230;<\/a><\/p>\n<\/td>\n<\/tr>\n<\/tbody>\n<\/table>\n<p><br class=\"spacer_\" \/><\/p>\n","protected":false},"excerpt":{"rendered":"<p>Seis em cada dez agregados familiares portugueses n\u00e3o tem liga\u00e7\u00e3o \u00e0 grande rede, o que coloca Portugal na 23\u00aa posi\u00e7\u00e3o no conjunto de pa\u00edses que integra a UE a 27, revela a Comiss\u00e3o Europeia.\u00a0Mais&#8230;<\/p>\n","protected":false},"author":1,"featured_media":0,"comment_status":"closed","ping_status":"closed","sticky":false,"template":"","format":"standard","meta":{"footnotes":""},"categories":[15],"tags":[769,34,903],"class_list":["post-3277","post","type-post","status-publish","format-standard","hentry","category-tic-mais","tag-banda-larga","tag-internet","tag-rede-fixa"],"_links":{"self":[{"href":"https:\/\/www.ticmais.pt\/index.php?rest_route=\/wp\/v2\/posts\/3277","targetHints":{"allow":["GET"]}}],"collection":[{"href":"https:\/\/www.ticmais.pt\/index.php?rest_route=\/wp\/v2\/posts"}],"about":[{"href":"https:\/\/www.ticmais.pt\/index.php?rest_route=\/wp\/v2\/types\/post"}],"author":[{"embeddable":true,"href":"https:\/\/www.ticmais.pt\/index.php?rest_route=\/wp\/v2\/users\/1"}],"replies":[{"embeddable":true,"href":"https:\/\/www.ticmais.pt\/index.php?rest_route=%2Fwp%2Fv2%2Fcomments&post=3277"}],"version-history":[{"count":0,"href":"https:\/\/www.ticmais.pt\/index.php?rest_route=\/wp\/v2\/posts\/3277\/revisions"}],"wp:attachment":[{"href":"https:\/\/www.ticmais.pt\/index.php?rest_route=%2Fwp%2Fv2%2Fmedia&parent=3277"}],"wp:term":[{"taxonomy":"category","embeddable":true,"href":"https:\/\/www.ticmais.pt\/index.php?rest_route=%2Fwp%2Fv2%2Fcategories&post=3277"},{"taxonomy":"post_tag","embeddable":true,"href":"https:\/\/www.ticmais.pt\/index.php?rest_route=%2Fwp%2Fv2%2Ftags&post=3277"}],"curies":[{"name":"wp","href":"https:\/\/api.w.org\/{rel}","templated":true}]}}