{"id":3278,"date":"2010-10-14T18:13:30","date_gmt":"2010-10-14T17:13:30","guid":{"rendered":"http:\/\/www.ticmais.pt\/?p=3278"},"modified":"2010-10-14T18:13:30","modified_gmt":"2010-10-14T17:13:30","slug":"pordata-vai-avancar-com-comparacao-de-dados-entre-varios-paises","status":"publish","type":"post","link":"https:\/\/www.ticmais.pt\/?p=3278","title":{"rendered":"Pordata vai avan\u00e7ar com compara\u00e7\u00e3o de dados entre v\u00e1rios pa\u00edses"},"content":{"rendered":"<table style=\"width: 100%;\" border=\"0\" cellspacing=\"5\" cellpadding=\"5\" align=\"justify\">\n<tbody>\n<tr>\n<td width=\"160\" valign=\"top\">\n<p><img decoding=\"async\" src=\"\/\/www.ticmais.pt\/ticmais\/imagens\/Pordata%20vai%20avancar%20com%20comparacao%20de%20dados%20entre%20varios%20paises.jpg\" alt=\"\" \/><\/p>\n<\/td>\n<td valign=\"top\">\n<p>O projecto que re\u00fane estat\u00edsticas sobre a realidade portuguesa vai agora avan\u00e7ar com uma nova fase, onde se aposta na compara\u00e7\u00e3o com outros pa\u00edses. A prazo tamb\u00e9m as regi\u00f5es portuguesas ser\u00e3o alvo de tratamento especial.\u00a0<a href=\"http:\/\/tek.sapo.pt\/noticias\/internet\/pordata_vai_avancar_com_comparacao_de_dados_e_1098505.html\" target=\"_blank\">Mais&#8230;<\/a><\/p>\n<\/td>\n<\/tr>\n<\/tbody>\n<\/table>\n<p><br class=\"spacer_\" \/><\/p>\n","protected":false},"excerpt":{"rendered":"<p>O projecto que re\u00fane estat\u00edsticas sobre a realidade portuguesa vai agora avan\u00e7ar com uma nova fase, onde se aposta na compara\u00e7\u00e3o com outros pa\u00edses. A prazo tamb\u00e9m as regi\u00f5es portuguesas ser\u00e3o alvo de tratamento especial.\u00a0Mais&#8230;<\/p>\n","protected":false},"author":1,"featured_media":0,"comment_status":"closed","ping_status":"closed","sticky":false,"template":"","format":"standard","meta":{"footnotes":""},"categories":[15],"tags":[824,825,34,1494],"class_list":["post-3278","post","type-post","status-publish","format-standard","hentry","category-tic-mais","tag-base-de-dados","tag-estatistica","tag-internet","tag-pordata"],"_links":{"self":[{"href":"https:\/\/www.ticmais.pt\/index.php?rest_route=\/wp\/v2\/posts\/3278","targetHints":{"allow":["GET"]}}],"collection":[{"href":"https:\/\/www.ticmais.pt\/index.php?rest_route=\/wp\/v2\/posts"}],"about":[{"href":"https:\/\/www.ticmais.pt\/index.php?rest_route=\/wp\/v2\/types\/post"}],"author":[{"embeddable":true,"href":"https:\/\/www.ticmais.pt\/index.php?rest_route=\/wp\/v2\/users\/1"}],"replies":[{"embeddable":true,"href":"https:\/\/www.ticmais.pt\/index.php?rest_route=%2Fwp%2Fv2%2Fcomments&post=3278"}],"version-history":[{"count":0,"href":"https:\/\/www.ticmais.pt\/index.php?rest_route=\/wp\/v2\/posts\/3278\/revisions"}],"wp:attachment":[{"href":"https:\/\/www.ticmais.pt\/index.php?rest_route=%2Fwp%2Fv2%2Fmedia&parent=3278"}],"wp:term":[{"taxonomy":"category","embeddable":true,"href":"https:\/\/www.ticmais.pt\/index.php?rest_route=%2Fwp%2Fv2%2Fcategories&post=3278"},{"taxonomy":"post_tag","embeddable":true,"href":"https:\/\/www.ticmais.pt\/index.php?rest_route=%2Fwp%2Fv2%2Ftags&post=3278"}],"curies":[{"name":"wp","href":"https:\/\/api.w.org\/{rel}","templated":true}]}}