{"id":3287,"date":"2010-10-18T21:22:03","date_gmt":"2010-10-18T20:22:03","guid":{"rendered":"http:\/\/www.ticmais.pt\/?p=3287"},"modified":"2010-10-18T21:22:03","modified_gmt":"2010-10-18T20:22:03","slug":"futures-places-pode-estender-se-a-outras-cidades","status":"publish","type":"post","link":"https:\/\/www.ticmais.pt\/?p=3287","title":{"rendered":"Futures Places pode estender-se a outras cidades"},"content":{"rendered":"<table style=\"width: 100%;\" border=\"0\" cellspacing=\"5\" cellpadding=\"5\" align=\"justify\">\n<tbody>\n<tr>\n<td width=\"160\" valign=\"top\">\n<p><img decoding=\"async\" src=\"\/\/www.ticmais.pt\/ticmais\/imagens\/Futures%20Places%20pode%20estender-se%20a%20outras%20cidades.jpg\" alt=\"\" \/><\/p>\n<\/td>\n<td valign=\"top\">\n<p style=\"text-align: justify;\">Mostrar como os media digitais podem fomentar a participa\u00e7\u00e3o das popula\u00e7\u00f5es no desenvolvimento cultural e social \u00e9 o objectivo do festival que voltou a animar o Porto. Mas a organiza\u00e7\u00e3o diz ser &#8220;mais que poss\u00edvel e mais que prov\u00e1vel&#8221; a expans\u00e3o para outra. <a href=\"http:\/\/tek.sapo.pt\/noticias\/internet\/futures_places_pode_estender_se_a_outras_cida_1099444.html\" target=\"_blank\">Mais&#8230;<br \/>\n<\/a>\u00a0<\/p>\n<\/td>\n<\/tr>\n<\/tbody>\n<\/table>\n<p><br class=\"spacer_\" \/><\/p>\n","protected":false},"excerpt":{"rendered":"<p>Mostrar como os media digitais podem fomentar a participa\u00e7\u00e3o das popula\u00e7\u00f5es no desenvolvimento cultural e social \u00e9 o objectivo do festival que voltou a animar o Porto. Mas a organiza\u00e7\u00e3o diz ser &#8220;mais que poss\u00edvel e mais que prov\u00e1vel&#8221; a expans\u00e3o para outra. Mais&#8230; \u00a0<\/p>\n","protected":false},"author":1,"featured_media":0,"comment_status":"closed","ping_status":"closed","sticky":false,"template":"","format":"standard","meta":{"footnotes":""},"categories":[15],"tags":[488,1502,339],"class_list":["post-3287","post","type-post","status-publish","format-standard","hentry","category-tic-mais","tag-festival","tag-futures-places","tag-universidade"],"_links":{"self":[{"href":"https:\/\/www.ticmais.pt\/index.php?rest_route=\/wp\/v2\/posts\/3287","targetHints":{"allow":["GET"]}}],"collection":[{"href":"https:\/\/www.ticmais.pt\/index.php?rest_route=\/wp\/v2\/posts"}],"about":[{"href":"https:\/\/www.ticmais.pt\/index.php?rest_route=\/wp\/v2\/types\/post"}],"author":[{"embeddable":true,"href":"https:\/\/www.ticmais.pt\/index.php?rest_route=\/wp\/v2\/users\/1"}],"replies":[{"embeddable":true,"href":"https:\/\/www.ticmais.pt\/index.php?rest_route=%2Fwp%2Fv2%2Fcomments&post=3287"}],"version-history":[{"count":0,"href":"https:\/\/www.ticmais.pt\/index.php?rest_route=\/wp\/v2\/posts\/3287\/revisions"}],"wp:attachment":[{"href":"https:\/\/www.ticmais.pt\/index.php?rest_route=%2Fwp%2Fv2%2Fmedia&parent=3287"}],"wp:term":[{"taxonomy":"category","embeddable":true,"href":"https:\/\/www.ticmais.pt\/index.php?rest_route=%2Fwp%2Fv2%2Fcategories&post=3287"},{"taxonomy":"post_tag","embeddable":true,"href":"https:\/\/www.ticmais.pt\/index.php?rest_route=%2Fwp%2Fv2%2Ftags&post=3287"}],"curies":[{"name":"wp","href":"https:\/\/api.w.org\/{rel}","templated":true}]}}