{"id":3291,"date":"2010-10-19T18:26:19","date_gmt":"2010-10-19T17:26:19","guid":{"rendered":"http:\/\/www.ticmais.pt\/?p=3291"},"modified":"2010-10-19T18:26:19","modified_gmt":"2010-10-19T17:26:19","slug":"um-terco-da-populacao-mundial-estara-online-em-2010","status":"publish","type":"post","link":"https:\/\/www.ticmais.pt\/?p=3291","title":{"rendered":"Um ter\u00e7o da popula\u00e7\u00e3o mundial estar\u00e1 online em 2010"},"content":{"rendered":"<table style=\"width: 100%;\" border=\"0\" cellspacing=\"5\" cellpadding=\"5\" align=\"justify\">\n<tbody>\n<tr>\n<td width=\"160\" valign=\"top\">\n<p><img decoding=\"async\" src=\"\/\/www.ticmais.pt\/ticmais\/imagens\/Um%20terco%20da%20populacao%20mundial%20estara%20online%20em%202010.png\" alt=\"\" \/><\/p>\n<\/td>\n<td valign=\"top\">\n<p style=\"text-align: justify;\">O n\u00famero de utilizadores da Internet vai ultrapassar os dois mil milh\u00f5es ainda este ano, revela o \u00faltimo relat\u00f3rio da Na\u00e7\u00f5es Unidas, publicado hoje. O n\u00famero corresponde a cerca de um ter\u00e7o da popula\u00e7\u00e3o mundial. <a href=\"http:\/\/tek.sapo.pt\/noticias\/internet\/um_terco_da_populacao_mundial_estara_online_e_1100029.html\" target=\"_blank\">Mais&#8230;<br \/>\n<\/a><\/p>\n<p style=\"text-align: justify;\">\u00a0<\/p>\n<\/td>\n<\/tr>\n<\/tbody>\n<\/table>\n<p style=\"text-align: justify;\">\u00a0<\/p>\n","protected":false},"excerpt":{"rendered":"<p>O n\u00famero de utilizadores da Internet vai ultrapassar os dois mil milh\u00f5es ainda este ano, revela o \u00faltimo relat\u00f3rio da Na\u00e7\u00f5es Unidas, publicado hoje. O n\u00famero corresponde a cerca de um ter\u00e7o da popula\u00e7\u00e3o mundial. Mais&#8230; \u00a0 \u00a0<\/p>\n","protected":false},"author":1,"featured_media":0,"comment_status":"closed","ping_status":"closed","sticky":false,"template":"","format":"standard","meta":{"footnotes":""},"categories":[15],"tags":[1319,769,34,1506,1072,715],"class_list":["post-3291","post","type-post","status-publish","format-standard","hentry","category-tic-mais","tag-acesso","tag-banda-larga","tag-internet","tag-itu","tag-mundo","tag-onu"],"_links":{"self":[{"href":"https:\/\/www.ticmais.pt\/index.php?rest_route=\/wp\/v2\/posts\/3291","targetHints":{"allow":["GET"]}}],"collection":[{"href":"https:\/\/www.ticmais.pt\/index.php?rest_route=\/wp\/v2\/posts"}],"about":[{"href":"https:\/\/www.ticmais.pt\/index.php?rest_route=\/wp\/v2\/types\/post"}],"author":[{"embeddable":true,"href":"https:\/\/www.ticmais.pt\/index.php?rest_route=\/wp\/v2\/users\/1"}],"replies":[{"embeddable":true,"href":"https:\/\/www.ticmais.pt\/index.php?rest_route=%2Fwp%2Fv2%2Fcomments&post=3291"}],"version-history":[{"count":0,"href":"https:\/\/www.ticmais.pt\/index.php?rest_route=\/wp\/v2\/posts\/3291\/revisions"}],"wp:attachment":[{"href":"https:\/\/www.ticmais.pt\/index.php?rest_route=%2Fwp%2Fv2%2Fmedia&parent=3291"}],"wp:term":[{"taxonomy":"category","embeddable":true,"href":"https:\/\/www.ticmais.pt\/index.php?rest_route=%2Fwp%2Fv2%2Fcategories&post=3291"},{"taxonomy":"post_tag","embeddable":true,"href":"https:\/\/www.ticmais.pt\/index.php?rest_route=%2Fwp%2Fv2%2Ftags&post=3291"}],"curies":[{"name":"wp","href":"https:\/\/api.w.org\/{rel}","templated":true}]}}