{"id":3300,"date":"2010-10-20T21:32:44","date_gmt":"2010-10-20T20:32:44","guid":{"rendered":"http:\/\/www.ticmais.pt\/?p=3300"},"modified":"2010-10-20T21:32:44","modified_gmt":"2010-10-20T20:32:44","slug":"portugal-cai-dez-lugares-e-fica-entre-os-piores-da-ue","status":"publish","type":"post","link":"https:\/\/www.ticmais.pt\/?p=3300","title":{"rendered":"Portugal cai dez lugares e fica entre os piores da UE"},"content":{"rendered":"<table style=\"width: 100%;\" border=\"0\" cellspacing=\"5\" cellpadding=\"5\" align=\"justify\">\n<tbody>\n<tr>\n<td width=\"160\" valign=\"top\">\n<p><img decoding=\"async\" src=\"\/\/www.ticmais.pt\/ticmais\/imagens\/Portugal%20cai%20dez%20lugares%20e%20fica%20entre%20os%20piores%20da%20UE.jpg\" alt=\"\" \/><\/p>\n<\/td>\n<td valign=\"top\">\n<p style=\"text-align: justify;\">A Uni\u00e3o Europeia (UE) est\u00e1 perto de perder o p\u00f3dio da liberdade de imprensa e Portugal \u00e9 um dos principais respons\u00e1veis por este recuo: no \u00faltimo ano, o nosso pa\u00eds caiu dez lugares no ranking elaborado pela organiza\u00e7\u00e3o Rep\u00f3rteres Sem Fronteiras (RSF),\u00a0 estando agora em 40\u00ba, um dos piores classificados entre os europeus. H\u00e1 dois anos, Portugal era 16\u00ba e em 2007 figurava entre os &#8220;campe\u00f5es&#8221; da liberdade de imprensa, que continuam a ser os pa\u00edses do Norte da Europa. <a href=\"http:\/\/dn.sapo.pt\/inicio\/tv\/interior.aspx?content_id=1691034&amp;seccao=Media\" target=\"_blank\">Mais&#8230;<\/a><\/p>\n<\/td>\n<\/tr>\n<\/tbody>\n<\/table>\n<p><br class=\"spacer_\" \/><\/p>\n","protected":false},"excerpt":{"rendered":"<p>A Uni\u00e3o Europeia (UE) est\u00e1 perto de perder o p\u00f3dio da liberdade de imprensa e Portugal \u00e9 um dos principais respons\u00e1veis por este recuo: no \u00faltimo ano, o nosso pa\u00eds caiu dez lugares no ranking elaborado pela organiza\u00e7\u00e3o Rep\u00f3rteres Sem Fronteiras (RSF),\u00a0 estando agora em 40\u00ba, um dos piores classificados entre os europeus. H\u00e1 dois [&hellip;]<\/p>\n","protected":false},"author":1,"featured_media":0,"comment_status":"closed","ping_status":"closed","sticky":false,"template":"","format":"standard","meta":{"footnotes":""},"categories":[15],"tags":[473,716,1028],"class_list":["post-3300","post","type-post","status-publish","format-standard","hentry","category-tic-mais","tag-liberdade-de-imprensa","tag-ranking","tag-reporteres-sem-fronteiras"],"_links":{"self":[{"href":"https:\/\/www.ticmais.pt\/index.php?rest_route=\/wp\/v2\/posts\/3300","targetHints":{"allow":["GET"]}}],"collection":[{"href":"https:\/\/www.ticmais.pt\/index.php?rest_route=\/wp\/v2\/posts"}],"about":[{"href":"https:\/\/www.ticmais.pt\/index.php?rest_route=\/wp\/v2\/types\/post"}],"author":[{"embeddable":true,"href":"https:\/\/www.ticmais.pt\/index.php?rest_route=\/wp\/v2\/users\/1"}],"replies":[{"embeddable":true,"href":"https:\/\/www.ticmais.pt\/index.php?rest_route=%2Fwp%2Fv2%2Fcomments&post=3300"}],"version-history":[{"count":0,"href":"https:\/\/www.ticmais.pt\/index.php?rest_route=\/wp\/v2\/posts\/3300\/revisions"}],"wp:attachment":[{"href":"https:\/\/www.ticmais.pt\/index.php?rest_route=%2Fwp%2Fv2%2Fmedia&parent=3300"}],"wp:term":[{"taxonomy":"category","embeddable":true,"href":"https:\/\/www.ticmais.pt\/index.php?rest_route=%2Fwp%2Fv2%2Fcategories&post=3300"},{"taxonomy":"post_tag","embeddable":true,"href":"https:\/\/www.ticmais.pt\/index.php?rest_route=%2Fwp%2Fv2%2Ftags&post=3300"}],"curies":[{"name":"wp","href":"https:\/\/api.w.org\/{rel}","templated":true}]}}