{"id":3303,"date":"2010-10-21T15:58:16","date_gmt":"2010-10-21T14:58:16","guid":{"rendered":"http:\/\/www.ticmais.pt\/?p=3303"},"modified":"2010-10-21T15:58:16","modified_gmt":"2010-10-21T14:58:16","slug":"tribunal-europeu-chumba-taxa-digital-em-espanha","status":"publish","type":"post","link":"https:\/\/www.ticmais.pt\/?p=3303","title":{"rendered":"Tribunal Europeu chumba taxa digital em Espanha"},"content":{"rendered":"<table style=\"width: 100%;\" border=\"0\" cellspacing=\"5\" cellpadding=\"5\" align=\"justify\">\n<tbody>\n<tr>\n<td width=\"160\" valign=\"top\">\n<p><img decoding=\"async\" src=\"\/\/www.ticmais.pt\/ticmais\/imagens\/Tribunal%20Europeu%20chumba%20taxa%20digital%20em%20Espanha.jpg\" alt=\"\" \/><\/p>\n<\/td>\n<td valign=\"top\">\n<p>A taxa aplicada em Espanha sobre a c\u00f3pia privada e os suportes de reprodu\u00e7\u00e3o adquiridos pelos utilizadores foi considerada ilegal pelo Tribunal de Justi\u00e7a da Uni\u00e3o Europeia. A senten\u00e7a pode afectar legisla\u00e7\u00e3o semelhante aplicada noutros pa\u00edses da Europa. <a href=\"http:\/\/tek.sapo.pt\/noticias\/computadores\/tribunal_europeu_chumba_taxa_digital_em_espan_1100642.html\" target=\"_blank\">Mais&#8230;<br \/>\n<\/a><\/p>\n<p><br class=\"spacer_\" \/><\/p>\n<\/td>\n<\/tr>\n<\/tbody>\n<\/table>\n<p><br class=\"spacer_\" \/><\/p>\n","protected":false},"excerpt":{"rendered":"<p>A taxa aplicada em Espanha sobre a c\u00f3pia privada e os suportes de reprodu\u00e7\u00e3o adquiridos pelos utilizadores foi considerada ilegal pelo Tribunal de Justi\u00e7a da Uni\u00e3o Europeia. A senten\u00e7a pode afectar legisla\u00e7\u00e3o semelhante aplicada noutros pa\u00edses da Europa. Mais&#8230;<\/p>\n","protected":false},"author":1,"featured_media":0,"comment_status":"closed","ping_status":"closed","sticky":false,"template":"","format":"standard","meta":{"footnotes":""},"categories":[15],"tags":[1517,1518,1519,308,340,151,459,1251],"class_list":["post-3303","post","type-post","status-publish","format-standard","hentry","category-tic-mais","tag-autor","tag-canon","tag-copia","tag-digital","tag-direitos","tag-espanha","tag-taxas","tag-tribunal-europeu"],"_links":{"self":[{"href":"https:\/\/www.ticmais.pt\/index.php?rest_route=\/wp\/v2\/posts\/3303","targetHints":{"allow":["GET"]}}],"collection":[{"href":"https:\/\/www.ticmais.pt\/index.php?rest_route=\/wp\/v2\/posts"}],"about":[{"href":"https:\/\/www.ticmais.pt\/index.php?rest_route=\/wp\/v2\/types\/post"}],"author":[{"embeddable":true,"href":"https:\/\/www.ticmais.pt\/index.php?rest_route=\/wp\/v2\/users\/1"}],"replies":[{"embeddable":true,"href":"https:\/\/www.ticmais.pt\/index.php?rest_route=%2Fwp%2Fv2%2Fcomments&post=3303"}],"version-history":[{"count":0,"href":"https:\/\/www.ticmais.pt\/index.php?rest_route=\/wp\/v2\/posts\/3303\/revisions"}],"wp:attachment":[{"href":"https:\/\/www.ticmais.pt\/index.php?rest_route=%2Fwp%2Fv2%2Fmedia&parent=3303"}],"wp:term":[{"taxonomy":"category","embeddable":true,"href":"https:\/\/www.ticmais.pt\/index.php?rest_route=%2Fwp%2Fv2%2Fcategories&post=3303"},{"taxonomy":"post_tag","embeddable":true,"href":"https:\/\/www.ticmais.pt\/index.php?rest_route=%2Fwp%2Fv2%2Ftags&post=3303"}],"curies":[{"name":"wp","href":"https:\/\/api.w.org\/{rel}","templated":true}]}}