{"id":3304,"date":"2010-10-21T16:25:01","date_gmt":"2010-10-21T15:25:01","guid":{"rendered":"http:\/\/www.ticmais.pt\/?p=3304"},"modified":"2010-10-21T16:25:01","modified_gmt":"2010-10-21T15:25:01","slug":"funcionarios-da-camara-de-portimao-fazem-hino-em-defesa-da-funcao-publica","status":"publish","type":"post","link":"https:\/\/www.ticmais.pt\/?p=3304","title":{"rendered":"Funcion\u00e1rios da C\u00e2mara de Portim\u00e3o fazem hino em defesa da Fun\u00e7\u00e3o P\u00fablica"},"content":{"rendered":"<table style=\"width: 100%;\" border=\"0\" cellspacing=\"5\" cellpadding=\"5\" align=\"justify\">\n<tbody>\n<tr>\n<td width=\"160\" valign=\"top\">\n<p><img decoding=\"async\" src=\"\/\/www.ticmais.pt\/ticmais\/imagens\/Funcionarios%20da%20Camara%20de%20Portimao%20fazem%20hino%20em%20defesa%20da%20Funcao%20Publica.jpg\" alt=\"\" \/><\/p>\n<\/td>\n<td valign=\"top\">\n<p style=\"text-align: justify;\">Funcion\u00e1rios do Departamento T\u00e9cnico de Planeamento e Urbanismo da C\u00e2mara Municipal de Portim\u00e3o fizeram um hino em defesa da Fun\u00e7\u00e3o P\u00fablica. Uma adapta\u00e7\u00e3o da m\u00fasica &#8220;Barcelona&#8221;. <a href=\"http:\/\/www.jornaldenegocios.pt\/home.php?template=SHOWNEWS_V2&amp;id=449949\" target=\"_blank\">Veja o v\u00eddeo<\/a>.<\/p>\n<\/td>\n<\/tr>\n<\/tbody>\n<\/table>\n<p style=\"text-align: justify;\"><br class=\"spacer_\" \/><\/p>\n","protected":false},"excerpt":{"rendered":"<p>Funcion\u00e1rios do Departamento T\u00e9cnico de Planeamento e Urbanismo da C\u00e2mara Municipal de Portim\u00e3o fizeram um hino em defesa da Fun\u00e7\u00e3o P\u00fablica. Uma adapta\u00e7\u00e3o da m\u00fasica &#8220;Barcelona&#8221;. Veja o v\u00eddeo.<\/p>\n","protected":false},"author":1,"featured_media":0,"comment_status":"closed","ping_status":"closed","sticky":false,"template":"","format":"standard","meta":{"footnotes":""},"categories":[15],"tags":[193,1520,1521,1522],"class_list":["post-3304","post","type-post","status-publish","format-standard","hentry","category-tic-mais","tag-funcao-publica","tag-funcionarios","tag-hino","tag-portimao"],"_links":{"self":[{"href":"https:\/\/www.ticmais.pt\/index.php?rest_route=\/wp\/v2\/posts\/3304","targetHints":{"allow":["GET"]}}],"collection":[{"href":"https:\/\/www.ticmais.pt\/index.php?rest_route=\/wp\/v2\/posts"}],"about":[{"href":"https:\/\/www.ticmais.pt\/index.php?rest_route=\/wp\/v2\/types\/post"}],"author":[{"embeddable":true,"href":"https:\/\/www.ticmais.pt\/index.php?rest_route=\/wp\/v2\/users\/1"}],"replies":[{"embeddable":true,"href":"https:\/\/www.ticmais.pt\/index.php?rest_route=%2Fwp%2Fv2%2Fcomments&post=3304"}],"version-history":[{"count":0,"href":"https:\/\/www.ticmais.pt\/index.php?rest_route=\/wp\/v2\/posts\/3304\/revisions"}],"wp:attachment":[{"href":"https:\/\/www.ticmais.pt\/index.php?rest_route=%2Fwp%2Fv2%2Fmedia&parent=3304"}],"wp:term":[{"taxonomy":"category","embeddable":true,"href":"https:\/\/www.ticmais.pt\/index.php?rest_route=%2Fwp%2Fv2%2Fcategories&post=3304"},{"taxonomy":"post_tag","embeddable":true,"href":"https:\/\/www.ticmais.pt\/index.php?rest_route=%2Fwp%2Fv2%2Ftags&post=3304"}],"curies":[{"name":"wp","href":"https:\/\/api.w.org\/{rel}","templated":true}]}}