{"id":3316,"date":"2010-10-25T15:30:43","date_gmt":"2010-10-25T14:30:43","guid":{"rendered":"http:\/\/www.ticmais.pt\/?p=3316"},"modified":"2010-10-25T15:30:43","modified_gmt":"2010-10-25T14:30:43","slug":"guia-pratico-para-sobreviver-aos-grupos-do-facebook","status":"publish","type":"post","link":"https:\/\/www.ticmais.pt\/?p=3316","title":{"rendered":"Guia pr\u00e1tico para &#8220;sobreviver&#8221; aos Grupos do Facebook"},"content":{"rendered":"<table style=\"width: 100%;\" border=\"0\" cellspacing=\"5\" cellpadding=\"5\" align=\"justify\">\n<tbody>\n<tr>\n<td style=\"text-align: justify;\" width=\"160\" valign=\"top\">\n<p><img decoding=\"async\" src=\"\/\/www.ticmais.pt\/ticmais\/imagens\/Guia%20pratico%20para%20sobreviver%20aos%20Grupos%20do%20Facebook.jpg\" alt=\"\" \/><\/p>\n<\/td>\n<td style=\"text-align: justify;\" valign=\"top\">\n<p style=\"text-align: justify;\">A rede social anunciou no in\u00edcio do m\u00eas uma nova ferramenta para partilha selectiva de informa\u00e7\u00e3o entre membros, que come\u00e7ou a ficar dispon\u00edvel em Portugal nos \u00faltimos dias. Saiba como tirar partido da solu\u00e7\u00e3o e evitar dissabores. <a href=\"http:\/\/tek.sapo.pt\/extras\/sugestoes\/sugestao_tek_guia_pratico_para_sobreviver_aos_1101504.html\" target=\"_blank\">Mais&#8230;<br \/>\n<\/a><\/p>\n<\/td>\n<\/tr>\n<\/tbody>\n<\/table>\n<p><br class=\"spacer_\" \/><\/p>\n","protected":false},"excerpt":{"rendered":"<p>A rede social anunciou no in\u00edcio do m\u00eas uma nova ferramenta para partilha selectiva de informa\u00e7\u00e3o entre membros, que come\u00e7ou a ficar dispon\u00edvel em Portugal nos \u00faltimos dias. Saiba como tirar partido da solu\u00e7\u00e3o e evitar dissabores. Mais&#8230;<\/p>\n","protected":false},"author":1,"featured_media":0,"comment_status":"closed","ping_status":"closed","sticky":false,"template":"","format":"standard","meta":{"footnotes":""},"categories":[15],"tags":[768,1530,736,153],"class_list":["post-3316","post","type-post","status-publish","format-standard","hentry","category-tic-mais","tag-facebook","tag-grupos","tag-privacidade","tag-redes-sociais"],"_links":{"self":[{"href":"https:\/\/www.ticmais.pt\/index.php?rest_route=\/wp\/v2\/posts\/3316","targetHints":{"allow":["GET"]}}],"collection":[{"href":"https:\/\/www.ticmais.pt\/index.php?rest_route=\/wp\/v2\/posts"}],"about":[{"href":"https:\/\/www.ticmais.pt\/index.php?rest_route=\/wp\/v2\/types\/post"}],"author":[{"embeddable":true,"href":"https:\/\/www.ticmais.pt\/index.php?rest_route=\/wp\/v2\/users\/1"}],"replies":[{"embeddable":true,"href":"https:\/\/www.ticmais.pt\/index.php?rest_route=%2Fwp%2Fv2%2Fcomments&post=3316"}],"version-history":[{"count":0,"href":"https:\/\/www.ticmais.pt\/index.php?rest_route=\/wp\/v2\/posts\/3316\/revisions"}],"wp:attachment":[{"href":"https:\/\/www.ticmais.pt\/index.php?rest_route=%2Fwp%2Fv2%2Fmedia&parent=3316"}],"wp:term":[{"taxonomy":"category","embeddable":true,"href":"https:\/\/www.ticmais.pt\/index.php?rest_route=%2Fwp%2Fv2%2Fcategories&post=3316"},{"taxonomy":"post_tag","embeddable":true,"href":"https:\/\/www.ticmais.pt\/index.php?rest_route=%2Fwp%2Fv2%2Ftags&post=3316"}],"curies":[{"name":"wp","href":"https:\/\/api.w.org\/{rel}","templated":true}]}}