{"id":3335,"date":"2010-11-04T18:26:00","date_gmt":"2010-11-04T17:26:00","guid":{"rendered":"http:\/\/www.ticmais.pt\/?p=3335"},"modified":"2010-11-04T18:26:00","modified_gmt":"2010-11-04T17:26:00","slug":"iva-a-23-vai-pesar-nas-telecomunicacoes-e-informatica","status":"publish","type":"post","link":"https:\/\/www.ticmais.pt\/?p=3335","title":{"rendered":"IVA a 23% vai pesar nas telecomunica\u00e7\u00f5es e inform\u00e1tica"},"content":{"rendered":"<table style=\"width: 100%;\" border=\"0\" cellspacing=\"5\" cellpadding=\"5\" align=\"justify\">\n<tbody>\n<tr>\n<td width=\"160\" valign=\"top\">\n<p><img decoding=\"async\" src=\"\/\/www.ticmais.pt\/ticmais\/imagens\/IVA%20a%2023%20por%20cento%20vai%20pesar%20nas%20telecomunicacoes%20e%20informatica.jpg\" alt=\"\" \/><\/p>\n<\/td>\n<td valign=\"top\">\n<p style=\"text-align: justify;\">Ao contr\u00e1rio do que aconteceu em Julho, as operadoras de telecomunica\u00e7\u00f5es preparam-se para ajustar os pre\u00e7os com a subida de IVA, esperando-se tamb\u00e9m reflexos nos produtos de inform\u00e1tica e electr\u00f3nica de consumo. <a href=\"http:\/\/tek.sapo.pt\/noticias\/negocios\/iva_a_23_vai_pesar_nas_telecomunicacoes_e_inf_1104000.html\" target=\"_blank\">Mais&#8230;<\/a><\/p>\n<\/td>\n<\/tr>\n<\/tbody>\n<\/table>\n<p style=\"text-align: justify;\"><br class=\"spacer_\" \/><\/p>\n","protected":false},"excerpt":{"rendered":"<p>Ao contr\u00e1rio do que aconteceu em Julho, as operadoras de telecomunica\u00e7\u00f5es preparam-se para ajustar os pre\u00e7os com a subida de IVA, esperando-se tamb\u00e9m reflexos nos produtos de inform\u00e1tica e electr\u00f3nica de consumo. Mais&#8230;<\/p>\n","protected":false},"author":1,"featured_media":0,"comment_status":"closed","ping_status":"closed","sticky":false,"template":"","format":"standard","meta":{"footnotes":""},"categories":[15],"tags":[90,224,1541,35],"class_list":["post-3335","post","type-post","status-publish","format-standard","hentry","category-tic-mais","tag-impostos","tag-informatica","tag-iva","tag-telecomunicacoes"],"_links":{"self":[{"href":"https:\/\/www.ticmais.pt\/index.php?rest_route=\/wp\/v2\/posts\/3335","targetHints":{"allow":["GET"]}}],"collection":[{"href":"https:\/\/www.ticmais.pt\/index.php?rest_route=\/wp\/v2\/posts"}],"about":[{"href":"https:\/\/www.ticmais.pt\/index.php?rest_route=\/wp\/v2\/types\/post"}],"author":[{"embeddable":true,"href":"https:\/\/www.ticmais.pt\/index.php?rest_route=\/wp\/v2\/users\/1"}],"replies":[{"embeddable":true,"href":"https:\/\/www.ticmais.pt\/index.php?rest_route=%2Fwp%2Fv2%2Fcomments&post=3335"}],"version-history":[{"count":0,"href":"https:\/\/www.ticmais.pt\/index.php?rest_route=\/wp\/v2\/posts\/3335\/revisions"}],"wp:attachment":[{"href":"https:\/\/www.ticmais.pt\/index.php?rest_route=%2Fwp%2Fv2%2Fmedia&parent=3335"}],"wp:term":[{"taxonomy":"category","embeddable":true,"href":"https:\/\/www.ticmais.pt\/index.php?rest_route=%2Fwp%2Fv2%2Fcategories&post=3335"},{"taxonomy":"post_tag","embeddable":true,"href":"https:\/\/www.ticmais.pt\/index.php?rest_route=%2Fwp%2Fv2%2Ftags&post=3335"}],"curies":[{"name":"wp","href":"https:\/\/api.w.org\/{rel}","templated":true}]}}