{"id":3337,"date":"2010-11-05T12:34:18","date_gmt":"2010-11-05T11:34:18","guid":{"rendered":"http:\/\/www.ticmais.pt\/?p=3337"},"modified":"2010-11-05T12:34:18","modified_gmt":"2010-11-05T11:34:18","slug":"em-2011-os-europeus-vao-ter-direito-a-apagar-dados-na-net","status":"publish","type":"post","link":"https:\/\/www.ticmais.pt\/?p=3337","title":{"rendered":"Em 2011, os europeus v\u00e3o ter direito a apagar dados na Net"},"content":{"rendered":"<table style=\"width: 100%;\" border=\"0\" cellspacing=\"5\" cellpadding=\"5\" align=\"justify\">\n<tbody>\n<tr>\n<td width=\"160\" valign=\"top\">\n<p><img decoding=\"async\" src=\"\/\/www.ticmais.pt\/ticmais\/imagens\/Em%202011%20os%20europeus%20vao%20ter%20direito%20a%20apagar%20dados%20na%20Net.jpg\" alt=\"\" \/><\/p>\n<\/td>\n<td valign=\"top\">\n<p style=\"text-align: justify;\">A Comiss\u00e3o Europeia deu in\u00edcio a uma consulta p\u00fablica sobre a atual legisla\u00e7\u00e3o de prote\u00e7\u00e3o de dados pessoais. Em 2011, dever\u00e1 ser criada uma diretiva que d\u00e1 o direito \u00e0 elimina\u00e7\u00e3o de dados pessoais inseridos na Net. <a href=\"http:\/\/aeiou.exameinformatica.pt\/em-2011-os-europeus-vao-ter-direito-a-apagar-dados-na-net=f1007696\" target=\"_blank\">Mais&#8230;<br \/>\n<\/a><\/p>\n<\/td>\n<\/tr>\n<\/tbody>\n<\/table>\n<p style=\"text-align: justify;\"><br class=\"spacer_\" \/><\/p>\n","protected":false},"excerpt":{"rendered":"<p>A Comiss\u00e3o Europeia deu in\u00edcio a uma consulta p\u00fablica sobre a atual legisla\u00e7\u00e3o de prote\u00e7\u00e3o de dados pessoais. Em 2011, dever\u00e1 ser criada uma diretiva que d\u00e1 o direito \u00e0 elimina\u00e7\u00e3o de dados pessoais inseridos na Net. Mais&#8230;<\/p>\n","protected":false},"author":1,"featured_media":0,"comment_status":"closed","ping_status":"closed","sticky":false,"template":"","format":"standard","meta":{"footnotes":""},"categories":[15],"tags":[260,34,736,99],"class_list":["post-3337","post","type-post","status-publish","format-standard","hentry","category-tic-mais","tag-dados","tag-internet","tag-privacidade","tag-uniao-europeia"],"_links":{"self":[{"href":"https:\/\/www.ticmais.pt\/index.php?rest_route=\/wp\/v2\/posts\/3337","targetHints":{"allow":["GET"]}}],"collection":[{"href":"https:\/\/www.ticmais.pt\/index.php?rest_route=\/wp\/v2\/posts"}],"about":[{"href":"https:\/\/www.ticmais.pt\/index.php?rest_route=\/wp\/v2\/types\/post"}],"author":[{"embeddable":true,"href":"https:\/\/www.ticmais.pt\/index.php?rest_route=\/wp\/v2\/users\/1"}],"replies":[{"embeddable":true,"href":"https:\/\/www.ticmais.pt\/index.php?rest_route=%2Fwp%2Fv2%2Fcomments&post=3337"}],"version-history":[{"count":0,"href":"https:\/\/www.ticmais.pt\/index.php?rest_route=\/wp\/v2\/posts\/3337\/revisions"}],"wp:attachment":[{"href":"https:\/\/www.ticmais.pt\/index.php?rest_route=%2Fwp%2Fv2%2Fmedia&parent=3337"}],"wp:term":[{"taxonomy":"category","embeddable":true,"href":"https:\/\/www.ticmais.pt\/index.php?rest_route=%2Fwp%2Fv2%2Fcategories&post=3337"},{"taxonomy":"post_tag","embeddable":true,"href":"https:\/\/www.ticmais.pt\/index.php?rest_route=%2Fwp%2Fv2%2Ftags&post=3337"}],"curies":[{"name":"wp","href":"https:\/\/api.w.org\/{rel}","templated":true}]}}