{"id":3338,"date":"2010-11-05T18:37:26","date_gmt":"2010-11-05T17:37:26","guid":{"rendered":"http:\/\/www.ticmais.pt\/?p=3338"},"modified":"2010-11-05T18:37:26","modified_gmt":"2010-11-05T17:37:26","slug":"dell-mostra-tablet-que-se-transforma-em-portatil-com-teclado","status":"publish","type":"post","link":"https:\/\/www.ticmais.pt\/?p=3338","title":{"rendered":"Dell mostra tablet que se transforma em port\u00e1til com teclado"},"content":{"rendered":"<table style=\"width: 100%;\" border=\"0\" cellspacing=\"5\" cellpadding=\"5\" align=\"justify\">\n<tbody>\n<tr>\n<td width=\"160\" valign=\"top\">\n<p><img decoding=\"async\" src=\"\/\/www.ticmais.pt\/ticmais\/imagens\/Dell%20mostra%20tablet%20que%20se%20transforma%20em%20portatil%20com%20teclado.jpg\" alt=\"\" \/><\/p>\n<\/td>\n<td valign=\"top\">\n<p style=\"text-align: justify;\">A fabricante acaba de disponibilizar um v\u00eddeo de apresenta\u00e7\u00e3o de um novo equipamento que tanto pode ser usado enquanto <em>tablet<\/em> como convertido num <em>netbook<\/em>. Para isso conta com uma base que \u201cdesdobra\u201d em teclado e encaixe para o ecr\u00e3. <a href=\"http:\/\/tek.sapo.pt\/multimedia\/dell_mostra_tablet_que_se_transforma_em_porta_1104585.html\" target=\"_blank\">Mais&#8230;<\/a><\/p>\n<p style=\"text-align: justify;\">\u00a0<\/p>\n<\/td>\n<\/tr>\n<\/tbody>\n<\/table>\n<p><br class=\"spacer_\" \/><\/p>\n","protected":false},"excerpt":{"rendered":"<p>A fabricante acaba de disponibilizar um v\u00eddeo de apresenta\u00e7\u00e3o de um novo equipamento que tanto pode ser usado enquanto tablet como convertido num netbook. Para isso conta com uma base que \u201cdesdobra\u201d em teclado e encaixe para o ecr\u00e3. Mais&#8230; \u00a0<\/p>\n","protected":false},"author":1,"featured_media":0,"comment_status":"closed","ping_status":"closed","sticky":false,"template":"","format":"standard","meta":{"footnotes":""},"categories":[15],"tags":[175,1432,490,75],"class_list":["post-3338","post","type-post","status-publish","format-standard","hentry","category-tic-mais","tag-dell","tag-inspiron-duo","tag-portateis","tag-tablet"],"_links":{"self":[{"href":"https:\/\/www.ticmais.pt\/index.php?rest_route=\/wp\/v2\/posts\/3338","targetHints":{"allow":["GET"]}}],"collection":[{"href":"https:\/\/www.ticmais.pt\/index.php?rest_route=\/wp\/v2\/posts"}],"about":[{"href":"https:\/\/www.ticmais.pt\/index.php?rest_route=\/wp\/v2\/types\/post"}],"author":[{"embeddable":true,"href":"https:\/\/www.ticmais.pt\/index.php?rest_route=\/wp\/v2\/users\/1"}],"replies":[{"embeddable":true,"href":"https:\/\/www.ticmais.pt\/index.php?rest_route=%2Fwp%2Fv2%2Fcomments&post=3338"}],"version-history":[{"count":0,"href":"https:\/\/www.ticmais.pt\/index.php?rest_route=\/wp\/v2\/posts\/3338\/revisions"}],"wp:attachment":[{"href":"https:\/\/www.ticmais.pt\/index.php?rest_route=%2Fwp%2Fv2%2Fmedia&parent=3338"}],"wp:term":[{"taxonomy":"category","embeddable":true,"href":"https:\/\/www.ticmais.pt\/index.php?rest_route=%2Fwp%2Fv2%2Fcategories&post=3338"},{"taxonomy":"post_tag","embeddable":true,"href":"https:\/\/www.ticmais.pt\/index.php?rest_route=%2Fwp%2Fv2%2Ftags&post=3338"}],"curies":[{"name":"wp","href":"https:\/\/api.w.org\/{rel}","templated":true}]}}