{"id":3348,"date":"2010-11-10T19:06:20","date_gmt":"2010-11-10T18:06:20","guid":{"rendered":"http:\/\/www.ticmais.pt\/?p=3348"},"modified":"2010-11-10T19:06:20","modified_gmt":"2010-11-10T18:06:20","slug":"tribunal-de-contas-preocupado-com-solucoes-encontradas-para-distribuicao-de-portateis","status":"publish","type":"post","link":"https:\/\/www.ticmais.pt\/?p=3348","title":{"rendered":"Tribunal de Contas preocupado com solu\u00e7\u00f5es encontradas para distribui\u00e7\u00e3o de port\u00e1teis"},"content":{"rendered":"<table style=\"width: 100%;\" border=\"0\" cellspacing=\"5\" cellpadding=\"5\" align=\"justify\">\n<tbody>\n<tr>\n<td width=\"160\" valign=\"top\">\n<p><img decoding=\"async\" src=\"\/\/www.ticmais.pt\/ticmais\/imagens\/Tribunal%20de%20Contas%20preocupado%20com%20solucoes%20encontradas%20para%20distribuicao%20de%20portateis.jpg\" alt=\"\" \/><\/p>\n<\/td>\n<td valign=\"top\">\n<p style=\"text-align: justify;\">O Tribunal de Contas (TC) registou com \u201cpreocupa\u00e7\u00e3o\u201d as solu\u00e7\u00f5es encontradas no \u00e2mbito das e.iniciativas e recomendou ao Governo a divulga\u00e7\u00e3o peri\u00f3dica da execu\u00e7\u00e3o financeira dos programas e.escola, e.professor, e.oportunidades, e.juventude e e.escolinha. <a href=\"http:\/\/economia.publico.pt\/Noticia\/tribunal-de-contas-preocupado-com-solucoes-encontradas-para-distribuicao-de-portateis_1465373\" target=\"_blank\">Mais&#8230;<\/a><\/p>\n<\/td>\n<\/tr>\n<\/tbody>\n<\/table>\n<p style=\"text-align: justify;\"><br class=\"spacer_\" \/><\/p>\n","protected":false},"excerpt":{"rendered":"<p>O Tribunal de Contas (TC) registou com \u201cpreocupa\u00e7\u00e3o\u201d as solu\u00e7\u00f5es encontradas no \u00e2mbito das e.iniciativas e recomendou ao Governo a divulga\u00e7\u00e3o peri\u00f3dica da execu\u00e7\u00e3o financeira dos programas e.escola, e.professor, e.oportunidades, e.juventude e e.escolinha. Mais&#8230;<\/p>\n","protected":false},"author":1,"featured_media":0,"comment_status":"closed","ping_status":"closed","sticky":false,"template":"","format":"standard","meta":{"footnotes":""},"categories":[15],"tags":[97,63,64,1545],"class_list":["post-3348","post","type-post","status-publish","format-standard","hentry","category-tic-mais","tag-e-escola","tag-e-escolinha","tag-magalhaes","tag-tribunal-de-contas"],"_links":{"self":[{"href":"https:\/\/www.ticmais.pt\/index.php?rest_route=\/wp\/v2\/posts\/3348","targetHints":{"allow":["GET"]}}],"collection":[{"href":"https:\/\/www.ticmais.pt\/index.php?rest_route=\/wp\/v2\/posts"}],"about":[{"href":"https:\/\/www.ticmais.pt\/index.php?rest_route=\/wp\/v2\/types\/post"}],"author":[{"embeddable":true,"href":"https:\/\/www.ticmais.pt\/index.php?rest_route=\/wp\/v2\/users\/1"}],"replies":[{"embeddable":true,"href":"https:\/\/www.ticmais.pt\/index.php?rest_route=%2Fwp%2Fv2%2Fcomments&post=3348"}],"version-history":[{"count":0,"href":"https:\/\/www.ticmais.pt\/index.php?rest_route=\/wp\/v2\/posts\/3348\/revisions"}],"wp:attachment":[{"href":"https:\/\/www.ticmais.pt\/index.php?rest_route=%2Fwp%2Fv2%2Fmedia&parent=3348"}],"wp:term":[{"taxonomy":"category","embeddable":true,"href":"https:\/\/www.ticmais.pt\/index.php?rest_route=%2Fwp%2Fv2%2Fcategories&post=3348"},{"taxonomy":"post_tag","embeddable":true,"href":"https:\/\/www.ticmais.pt\/index.php?rest_route=%2Fwp%2Fv2%2Ftags&post=3348"}],"curies":[{"name":"wp","href":"https:\/\/api.w.org\/{rel}","templated":true}]}}