{"id":3371,"date":"2010-11-21T02:01:20","date_gmt":"2010-11-21T01:01:20","guid":{"rendered":"http:\/\/www.ticmais.pt\/?p=3371"},"modified":"2010-11-21T02:01:20","modified_gmt":"2010-11-21T01:01:20","slug":"video-redes-sociais-deslumbram-portugueses","status":"publish","type":"post","link":"https:\/\/www.ticmais.pt\/?p=3371","title":{"rendered":"V\u00eddeo: Redes sociais deslumbram portugueses"},"content":{"rendered":"<table style=\"width: 100%;\" border=\"0\" cellspacing=\"5\" cellpadding=\"5\" align=\"justify\">\n<tbody>\n<tr>\n<td width=\"160\" valign=\"top\">\n<p><img decoding=\"async\" src=\"\/\/www.ticmais.pt\/ticmais\/imagens\/Video%20Redes%20sociais%20deslumbram%20portugueses.jpg\" alt=\"\" \/><\/p>\n<\/td>\n<td valign=\"top\">\n<p style=\"text-align: justify;\">Mais do que uma moda passageira, as redes sociais, como o Facebook e o HI5, vieram para ficar. Esta \u00e9 uma das principais conclus\u00f5es do estudo &#8220;A Utiliza\u00e7\u00e3o da Internet em Portugal 2010&#8221;. Gustavo Cardoso, professor do ISCTE e coordenador cient\u00edfico deste trabalho explica porqu\u00ea. <a href=\"http:\/\/aeiou.expresso.pt\/video-redes-sociais-deslumbram-portugueses=f616169\" target=\"_blank\">Mais&#8230;\u00a0<\/a><\/p>\n<\/td>\n<\/tr>\n<\/tbody>\n<\/table>\n<p style=\"text-align: justify;\">\u00a0<\/p>\n","protected":false},"excerpt":{"rendered":"<p>Mais do que uma moda passageira, as redes sociais, como o Facebook e o HI5, vieram para ficar. Esta \u00e9 uma das principais conclus\u00f5es do estudo &#8220;A Utiliza\u00e7\u00e3o da Internet em Portugal 2010&#8221;. Gustavo Cardoso, professor do ISCTE e coordenador cient\u00edfico deste trabalho explica porqu\u00ea. Mais&#8230;\u00a0 \u00a0<\/p>\n","protected":false},"author":1,"featured_media":0,"comment_status":"closed","ping_status":"closed","sticky":false,"template":"","format":"standard","meta":{"footnotes":""},"categories":[15],"tags":[285,153],"class_list":["post-3371","post","type-post","status-publish","format-standard","hentry","category-tic-mais","tag-portugueses","tag-redes-sociais"],"_links":{"self":[{"href":"https:\/\/www.ticmais.pt\/index.php?rest_route=\/wp\/v2\/posts\/3371","targetHints":{"allow":["GET"]}}],"collection":[{"href":"https:\/\/www.ticmais.pt\/index.php?rest_route=\/wp\/v2\/posts"}],"about":[{"href":"https:\/\/www.ticmais.pt\/index.php?rest_route=\/wp\/v2\/types\/post"}],"author":[{"embeddable":true,"href":"https:\/\/www.ticmais.pt\/index.php?rest_route=\/wp\/v2\/users\/1"}],"replies":[{"embeddable":true,"href":"https:\/\/www.ticmais.pt\/index.php?rest_route=%2Fwp%2Fv2%2Fcomments&post=3371"}],"version-history":[{"count":0,"href":"https:\/\/www.ticmais.pt\/index.php?rest_route=\/wp\/v2\/posts\/3371\/revisions"}],"wp:attachment":[{"href":"https:\/\/www.ticmais.pt\/index.php?rest_route=%2Fwp%2Fv2%2Fmedia&parent=3371"}],"wp:term":[{"taxonomy":"category","embeddable":true,"href":"https:\/\/www.ticmais.pt\/index.php?rest_route=%2Fwp%2Fv2%2Fcategories&post=3371"},{"taxonomy":"post_tag","embeddable":true,"href":"https:\/\/www.ticmais.pt\/index.php?rest_route=%2Fwp%2Fv2%2Ftags&post=3371"}],"curies":[{"name":"wp","href":"https:\/\/api.w.org\/{rel}","templated":true}]}}