{"id":3383,"date":"2010-11-27T03:50:55","date_gmt":"2010-11-27T02:50:55","guid":{"rendered":"http:\/\/www.ticmais.pt\/?p=3383"},"modified":"2010-11-27T03:50:55","modified_gmt":"2010-11-27T02:50:55","slug":"justica-lentidao-do-sistema-informatico-preocupa-magistrados","status":"publish","type":"post","link":"https:\/\/www.ticmais.pt\/?p=3383","title":{"rendered":"Justi\u00e7a: Lentid\u00e3o do sistema inform\u00e1tico preocupa magistrados"},"content":{"rendered":"<table style=\"width: 100%;\" border=\"0\" cellspacing=\"5\" cellpadding=\"5\" align=\"justify\">\n<tbody>\n<tr>\n<td width=\"160\" valign=\"top\">\n<p><img decoding=\"async\" src=\"\/\/www.ticmais.pt\/ticmais\/imagens\/Justica%20Lentidao%20do%20sistema%20informatico%20preocupa%20magistrados.jpg\" alt=\"\" \/><\/p>\n<\/td>\n<td valign=\"top\">\n<p style=\"text-align: justify;\">Apesar da moderniza\u00e7\u00e3o, a lentid\u00e3o do sistema inform\u00e1tica \u00e9 a principal dificuldade dos tribunais, segundo Bravo Serra, vice-presidente do Conselho Superior da Magistratura. <a href=\"http:\/\/aeiou.expresso.pt\/justica-lentidao-do-sistema-informatico-preocupa-magistrados=f617991\" target=\"_blank\">Mais&#8230;<\/a><\/p>\n<\/td>\n<\/tr>\n<\/tbody>\n<\/table>\n<p style=\"text-align: justify;\"><br class=\"spacer_\" \/><\/p>\n","protected":false},"excerpt":{"rendered":"<p>Apesar da moderniza\u00e7\u00e3o, a lentid\u00e3o do sistema inform\u00e1tica \u00e9 a principal dificuldade dos tribunais, segundo Bravo Serra, vice-presidente do Conselho Superior da Magistratura. Mais&#8230;<\/p>\n","protected":false},"author":1,"featured_media":0,"comment_status":"closed","ping_status":"closed","sticky":false,"template":"","format":"standard","meta":{"footnotes":""},"categories":[15],"tags":[288,1571,1572,1573],"class_list":["post-3383","post","type-post","status-publish","format-standard","hentry","category-tic-mais","tag-justica","tag-lentidao","tag-sistema-informatico","tag-tribunais"],"_links":{"self":[{"href":"https:\/\/www.ticmais.pt\/index.php?rest_route=\/wp\/v2\/posts\/3383","targetHints":{"allow":["GET"]}}],"collection":[{"href":"https:\/\/www.ticmais.pt\/index.php?rest_route=\/wp\/v2\/posts"}],"about":[{"href":"https:\/\/www.ticmais.pt\/index.php?rest_route=\/wp\/v2\/types\/post"}],"author":[{"embeddable":true,"href":"https:\/\/www.ticmais.pt\/index.php?rest_route=\/wp\/v2\/users\/1"}],"replies":[{"embeddable":true,"href":"https:\/\/www.ticmais.pt\/index.php?rest_route=%2Fwp%2Fv2%2Fcomments&post=3383"}],"version-history":[{"count":0,"href":"https:\/\/www.ticmais.pt\/index.php?rest_route=\/wp\/v2\/posts\/3383\/revisions"}],"wp:attachment":[{"href":"https:\/\/www.ticmais.pt\/index.php?rest_route=%2Fwp%2Fv2%2Fmedia&parent=3383"}],"wp:term":[{"taxonomy":"category","embeddable":true,"href":"https:\/\/www.ticmais.pt\/index.php?rest_route=%2Fwp%2Fv2%2Fcategories&post=3383"},{"taxonomy":"post_tag","embeddable":true,"href":"https:\/\/www.ticmais.pt\/index.php?rest_route=%2Fwp%2Fv2%2Ftags&post=3383"}],"curies":[{"name":"wp","href":"https:\/\/api.w.org\/{rel}","templated":true}]}}