{"id":3386,"date":"2010-11-29T16:26:40","date_gmt":"2010-11-29T15:26:40","guid":{"rendered":"http:\/\/www.ticmais.pt\/?p=3386"},"modified":"2010-11-29T16:26:40","modified_gmt":"2010-11-29T15:26:40","slug":"rede-social-movel-aumenta-durabilidade-das-baterias-em-75","status":"publish","type":"post","link":"https:\/\/www.ticmais.pt\/?p=3386","title":{"rendered":"Rede social m\u00f3vel aumenta durabilidade das baterias em 75%"},"content":{"rendered":"<table style=\"width: 100%;\" border=\"0\" cellspacing=\"5\" cellpadding=\"5\" align=\"justify\">\n<tbody>\n<tr>\n<td width=\"160\" valign=\"top\">\n<p><img decoding=\"async\" src=\"\/\/www.ticmais.pt\/ticmais\/imagens\/Rede%20social%20movel%20aumenta%20durabilidade%20das%20baterias%20em%2075%20por%20cento.jpg\" alt=\"\" \/><\/p>\n<\/td>\n<td valign=\"top\">\n<p style=\"text-align: justify;\">Recentemente um grupo de cientistas irlandeses lan\u00e7ou o conceito de humanos <em>wireless<\/em>, em que cada pessoa se transforma em uma antena de redistribui\u00e7\u00e3o de sinais de uma super &#8220;rede corpo a corpo&#8221;. <a href=\"http:\/\/www.inovacaotecnologica.com.br\/noticias\/noticia.php?artigo=rede-social-movel-durabilidade-baterias&amp;id=010150101129\" target=\"_blank\">Mais&#8230;<\/a><\/p>\n<\/td>\n<\/tr>\n<\/tbody>\n<\/table>\n<p style=\"text-align: justify;\"><br class=\"spacer_\" \/><\/p>\n","protected":false},"excerpt":{"rendered":"<p>Recentemente um grupo de cientistas irlandeses lan\u00e7ou o conceito de humanos wireless, em que cada pessoa se transforma em uma antena de redistribui\u00e7\u00e3o de sinais de uma super &#8220;rede corpo a corpo&#8221;. Mais&#8230;<\/p>\n","protected":false},"author":1,"featured_media":0,"comment_status":"closed","ping_status":"closed","sticky":false,"template":"","format":"standard","meta":{"footnotes":""},"categories":[15],"tags":[184,1019,1575,255,1576,153],"class_list":["post-3386","post","type-post","status-publish","format-standard","hentry","category-tic-mais","tag-baterias","tag-cientistas","tag-durabilidade","tag-investigacao","tag-irlanda","tag-redes-sociais"],"_links":{"self":[{"href":"https:\/\/www.ticmais.pt\/index.php?rest_route=\/wp\/v2\/posts\/3386","targetHints":{"allow":["GET"]}}],"collection":[{"href":"https:\/\/www.ticmais.pt\/index.php?rest_route=\/wp\/v2\/posts"}],"about":[{"href":"https:\/\/www.ticmais.pt\/index.php?rest_route=\/wp\/v2\/types\/post"}],"author":[{"embeddable":true,"href":"https:\/\/www.ticmais.pt\/index.php?rest_route=\/wp\/v2\/users\/1"}],"replies":[{"embeddable":true,"href":"https:\/\/www.ticmais.pt\/index.php?rest_route=%2Fwp%2Fv2%2Fcomments&post=3386"}],"version-history":[{"count":0,"href":"https:\/\/www.ticmais.pt\/index.php?rest_route=\/wp\/v2\/posts\/3386\/revisions"}],"wp:attachment":[{"href":"https:\/\/www.ticmais.pt\/index.php?rest_route=%2Fwp%2Fv2%2Fmedia&parent=3386"}],"wp:term":[{"taxonomy":"category","embeddable":true,"href":"https:\/\/www.ticmais.pt\/index.php?rest_route=%2Fwp%2Fv2%2Fcategories&post=3386"},{"taxonomy":"post_tag","embeddable":true,"href":"https:\/\/www.ticmais.pt\/index.php?rest_route=%2Fwp%2Fv2%2Ftags&post=3386"}],"curies":[{"name":"wp","href":"https:\/\/api.w.org\/{rel}","templated":true}]}}