{"id":3417,"date":"2010-12-17T17:31:50","date_gmt":"2010-12-17T16:31:50","guid":{"rendered":"http:\/\/www.ticmais.pt\/?p=3417"},"modified":"2010-12-17T17:31:50","modified_gmt":"2010-12-17T16:31:50","slug":"vendas-de-informatica-caem-12-de-janeiro-a-setembro","status":"publish","type":"post","link":"https:\/\/www.ticmais.pt\/?p=3417","title":{"rendered":"Vendas de inform\u00e1tica caem 12% de Janeiro a Setembro"},"content":{"rendered":"<table style=\"width: 100%;\" border=\"0\" cellspacing=\"5\" cellpadding=\"5\" align=\"justify\">\n<tbody>\n<tr>\n<td width=\"160\" valign=\"top\">\n<p><img decoding=\"async\" src=\"\/\/www.ticmais.pt\/ticmais\/imagens\/Vendas%20de%20informatica%20caem%2012%20por%20cento%20de%20Janeiro%20a%20Setembro.jpg\" alt=\"\" \/><\/p>\n<\/td>\n<td valign=\"top\">\n<p style=\"text-align: justify;\">De acordo com o mais recente estudo GFK TEMAX, o mercado de Inform\u00e1tica &#8211; que envolve hardware para casa e empresa, perif\u00e9ricos e consum\u00edveis \u2013 caiu em Portugal 12 por cento entre Janeiro e Setembro deste ano face ao per\u00edodo hom\u00f3logo de 2009. Esta tend\u00eancia \u00e9 contr\u00e1ria \u00e0 registada na Europa em geral, onde foi registado um crescimento positivo de 6%. <a href=\"http:\/\/www.pcguia.xl.pt\/destaques\/13-destaques\/999-vendas-de-informatica-caem-12-entre-janeiro-e-setembro.html\" target=\"_blank\">Mais&#8230;<\/a><\/p>\n<\/td>\n<\/tr>\n<\/tbody>\n<\/table>\n<p><br class=\"spacer_\" \/><\/p>\n","protected":false},"excerpt":{"rendered":"<p>De acordo com o mais recente estudo GFK TEMAX, o mercado de Inform\u00e1tica &#8211; que envolve hardware para casa e empresa, perif\u00e9ricos e consum\u00edveis \u2013 caiu em Portugal 12 por cento entre Janeiro e Setembro deste ano face ao per\u00edodo hom\u00f3logo de 2009. Esta tend\u00eancia \u00e9 contr\u00e1ria \u00e0 registada na Europa em geral, onde foi [&hellip;]<\/p>\n","protected":false},"author":1,"featured_media":0,"comment_status":"closed","ping_status":"closed","sticky":false,"template":"","format":"standard","meta":{"footnotes":""},"categories":[15],"tags":[224,1602,1603],"class_list":["post-3417","post","type-post","status-publish","format-standard","hentry","category-tic-mais","tag-informatica","tag-quebra","tag-vendas"],"_links":{"self":[{"href":"https:\/\/www.ticmais.pt\/index.php?rest_route=\/wp\/v2\/posts\/3417","targetHints":{"allow":["GET"]}}],"collection":[{"href":"https:\/\/www.ticmais.pt\/index.php?rest_route=\/wp\/v2\/posts"}],"about":[{"href":"https:\/\/www.ticmais.pt\/index.php?rest_route=\/wp\/v2\/types\/post"}],"author":[{"embeddable":true,"href":"https:\/\/www.ticmais.pt\/index.php?rest_route=\/wp\/v2\/users\/1"}],"replies":[{"embeddable":true,"href":"https:\/\/www.ticmais.pt\/index.php?rest_route=%2Fwp%2Fv2%2Fcomments&post=3417"}],"version-history":[{"count":0,"href":"https:\/\/www.ticmais.pt\/index.php?rest_route=\/wp\/v2\/posts\/3417\/revisions"}],"wp:attachment":[{"href":"https:\/\/www.ticmais.pt\/index.php?rest_route=%2Fwp%2Fv2%2Fmedia&parent=3417"}],"wp:term":[{"taxonomy":"category","embeddable":true,"href":"https:\/\/www.ticmais.pt\/index.php?rest_route=%2Fwp%2Fv2%2Fcategories&post=3417"},{"taxonomy":"post_tag","embeddable":true,"href":"https:\/\/www.ticmais.pt\/index.php?rest_route=%2Fwp%2Fv2%2Ftags&post=3417"}],"curies":[{"name":"wp","href":"https:\/\/api.w.org\/{rel}","templated":true}]}}