{"id":3428,"date":"2010-12-23T10:21:54","date_gmt":"2010-12-23T09:21:54","guid":{"rendered":"http:\/\/www.ticmais.pt\/?p=3428"},"modified":"2010-12-23T10:21:54","modified_gmt":"2010-12-23T09:21:54","slug":"microsoft-prepara-nova-versao-do-windows-para-tablets","status":"publish","type":"post","link":"https:\/\/www.ticmais.pt\/?p=3428","title":{"rendered":"Microsoft prepara nova vers\u00e3o do Windows para &#8220;tablets&#8221;"},"content":{"rendered":"<table style=\"width: 100%;\" border=\"0\" cellspacing=\"5\" cellpadding=\"5\" align=\"justify\">\n<tbody>\n<tr>\n<td width=\"160\" valign=\"top\">\n<p><img decoding=\"async\" src=\"\/\/www.ticmais.pt\/ticmais\/imagens\/Microsoft%20prepara%20nova%20versao%20do%20Windows%20para%20tablets.jpg\" alt=\"\" \/><\/p>\n<\/td>\n<td valign=\"top\">\n<p style=\"text-align: justify;\">Segundo v\u00e1rios meios de comunica\u00e7\u00e3o internacionais, a Microsoft poder\u00e1 anunciar na CES, a feira internacional de electr\u00f3nica de consumo em Las Vegas, uma vers\u00e3o do seu sistema operativo que funcione em processadores desenhados pela empresa brit\u00e2nica ARM Holdings. <a href=\"http:\/\/www.jornaldenegocios.pt\/home.php?template=SHOWNEWS_V2&amp;id=459949\" target=\"_blank\">Mais&#8230;<\/a><\/p>\n<p><br class=\"spacer_\" \/><\/p>\n<\/td>\n<\/tr>\n<\/tbody>\n<\/table>\n<p><br class=\"spacer_\" \/><\/p>\n","protected":false},"excerpt":{"rendered":"<p>Segundo v\u00e1rios meios de comunica\u00e7\u00e3o internacionais, a Microsoft poder\u00e1 anunciar na CES, a feira internacional de electr\u00f3nica de consumo em Las Vegas, uma vers\u00e3o do seu sistema operativo que funcione em processadores desenhados pela empresa brit\u00e2nica ARM Holdings. Mais&#8230;<\/p>\n","protected":false},"author":1,"featured_media":0,"comment_status":"closed","ping_status":"closed","sticky":false,"template":"","format":"standard","meta":{"footnotes":""},"categories":[15],"tags":[73,1608,75,120],"class_list":["post-3428","post","type-post","status-publish","format-standard","hentry","category-tic-mais","tag-microsoft","tag-nova-versao","tag-tablet","tag-windows"],"_links":{"self":[{"href":"https:\/\/www.ticmais.pt\/index.php?rest_route=\/wp\/v2\/posts\/3428","targetHints":{"allow":["GET"]}}],"collection":[{"href":"https:\/\/www.ticmais.pt\/index.php?rest_route=\/wp\/v2\/posts"}],"about":[{"href":"https:\/\/www.ticmais.pt\/index.php?rest_route=\/wp\/v2\/types\/post"}],"author":[{"embeddable":true,"href":"https:\/\/www.ticmais.pt\/index.php?rest_route=\/wp\/v2\/users\/1"}],"replies":[{"embeddable":true,"href":"https:\/\/www.ticmais.pt\/index.php?rest_route=%2Fwp%2Fv2%2Fcomments&post=3428"}],"version-history":[{"count":0,"href":"https:\/\/www.ticmais.pt\/index.php?rest_route=\/wp\/v2\/posts\/3428\/revisions"}],"wp:attachment":[{"href":"https:\/\/www.ticmais.pt\/index.php?rest_route=%2Fwp%2Fv2%2Fmedia&parent=3428"}],"wp:term":[{"taxonomy":"category","embeddable":true,"href":"https:\/\/www.ticmais.pt\/index.php?rest_route=%2Fwp%2Fv2%2Fcategories&post=3428"},{"taxonomy":"post_tag","embeddable":true,"href":"https:\/\/www.ticmais.pt\/index.php?rest_route=%2Fwp%2Fv2%2Ftags&post=3428"}],"curies":[{"name":"wp","href":"https:\/\/api.w.org\/{rel}","templated":true}]}}