{"id":3448,"date":"2011-01-05T03:00:53","date_gmt":"2011-01-05T02:00:53","guid":{"rendered":"http:\/\/www.ticmais.pt\/?p=3448"},"modified":"2011-01-05T03:00:53","modified_gmt":"2011-01-05T02:00:53","slug":"portugueses-desconhecem-fim-do-sinal-analogico-de-televisao","status":"publish","type":"post","link":"https:\/\/www.ticmais.pt\/?p=3448","title":{"rendered":"Portugueses desconhecem fim do sinal anal\u00f3gico de televis\u00e3o"},"content":{"rendered":"<table style=\"width: 100%;\" border=\"0\" cellspacing=\"5\" cellpadding=\"5\" align=\"justify\">\n<tbody>\n<tr>\n<td width=\"160\" valign=\"top\">\n<p><img decoding=\"async\" src=\"\/\/www.ticmais.pt\/ticmais\/imagens\/Portugueses%20desconhecem%20fim%20do%20sinal%20analogico%20de%20televisao%20.jpg\" alt=\"\" \/><\/p>\n<\/td>\n<td valign=\"top\">\n<p style=\"text-align: justify;\">Um estudo da Universidade Lus\u00f3fona mostra que nove em cada dez portugueses desconhece que o sinal anal\u00f3gico de televis\u00e3o ser\u00e1 desligado em 2012. <a href=\"http:\/\/aeiou.expresso.pt\/portugueses-desconhecem-fim-do-sinal-analogico-de-televisao=f624046\" target=\"_blank\">Mais&#8230;<br \/>\n<\/a><\/p>\n<\/td>\n<\/tr>\n<\/tbody>\n<\/table>\n<p style=\"text-align: justify;\">\u00a0<\/p>\n","protected":false},"excerpt":{"rendered":"<p>Um estudo da Universidade Lus\u00f3fona mostra que nove em cada dez portugueses desconhece que o sinal anal\u00f3gico de televis\u00e3o ser\u00e1 desligado em 2012. Mais&#8230; \u00a0<\/p>\n","protected":false},"author":1,"featured_media":0,"comment_status":"closed","ping_status":"closed","sticky":false,"template":"","format":"standard","meta":{"footnotes":""},"categories":[15],"tags":[166,197],"class_list":["post-3448","post","type-post","status-publish","format-standard","hentry","category-tic-mais","tag-televisao","tag-tv-digital"],"_links":{"self":[{"href":"https:\/\/www.ticmais.pt\/index.php?rest_route=\/wp\/v2\/posts\/3448","targetHints":{"allow":["GET"]}}],"collection":[{"href":"https:\/\/www.ticmais.pt\/index.php?rest_route=\/wp\/v2\/posts"}],"about":[{"href":"https:\/\/www.ticmais.pt\/index.php?rest_route=\/wp\/v2\/types\/post"}],"author":[{"embeddable":true,"href":"https:\/\/www.ticmais.pt\/index.php?rest_route=\/wp\/v2\/users\/1"}],"replies":[{"embeddable":true,"href":"https:\/\/www.ticmais.pt\/index.php?rest_route=%2Fwp%2Fv2%2Fcomments&post=3448"}],"version-history":[{"count":0,"href":"https:\/\/www.ticmais.pt\/index.php?rest_route=\/wp\/v2\/posts\/3448\/revisions"}],"wp:attachment":[{"href":"https:\/\/www.ticmais.pt\/index.php?rest_route=%2Fwp%2Fv2%2Fmedia&parent=3448"}],"wp:term":[{"taxonomy":"category","embeddable":true,"href":"https:\/\/www.ticmais.pt\/index.php?rest_route=%2Fwp%2Fv2%2Fcategories&post=3448"},{"taxonomy":"post_tag","embeddable":true,"href":"https:\/\/www.ticmais.pt\/index.php?rest_route=%2Fwp%2Fv2%2Ftags&post=3448"}],"curies":[{"name":"wp","href":"https:\/\/api.w.org\/{rel}","templated":true}]}}