{"id":3456,"date":"2011-01-07T10:43:02","date_gmt":"2011-01-07T09:43:02","guid":{"rendered":"http:\/\/www.ticmais.pt\/?p=3456"},"modified":"2011-01-07T10:43:02","modified_gmt":"2011-01-07T09:43:02","slug":"processador-via-nano-x2-e-oficial-um-chip-dual-core-de-baixo-consumo-ces-2011","status":"publish","type":"post","link":"https:\/\/www.ticmais.pt\/?p=3456","title":{"rendered":"Processador VIA Nano X2 \u00e9 oficial: um chip dual-core de baixo consumo \u2013 CES 2011"},"content":{"rendered":"<table style=\"width: 100%;\" border=\"0\" cellspacing=\"5\" cellpadding=\"5\" align=\"justify\">\n<tbody>\n<tr>\n<td width=\"160\" valign=\"top\">\n<p><img decoding=\"async\" src=\"\/\/www.ticmais.pt\/ticmais\/imagens\/Processador%20VIA%20Nano%20X2%20e%20oficial%20um%20chip%20dual%20core%20de%20baixo%20consumo%20%20CES%202011.jpg\" alt=\"\" \/><\/p>\n<\/td>\n<td valign=\"top\">\n<p style=\"text-align: justify;\">A VIA anunciou um chip dual-core de baixo consumo el\u00e9trico, chamado Nano X2. Ele possui dois n\u00facleos Isaiah de 64 bits, os mesmos que antes vinham em single-core. Oferece suporte nativo para os softwares de 64 bits, op\u00e7\u00f5es de seguran\u00e7a de hardware PadLock e tecnologia de virtualiza\u00e7\u00e3o VT. <a href=\"http:\/\/targethd.net\/2011\/01\/06\/processador-via-nano-x2-e-oficial-um-chip-dual-core-de-baixo-consumo-ces-2011\/\" target=\"_blank\">Mais&#8230;<\/a><\/p>\n<p style=\"text-align: justify;\"><strong>Not\u00edcias relacionadas:<br \/>\n<\/strong><a href=\"http:\/\/targethd.net\/2011\/01\/06\/amd-anuncia-processadores-phenom-ii-quad-e-six-core-na-ces-2011\/\" target=\"_blank\">AMD anuncia processadores Phenom II quad e six-core na CES 2011<br \/>\n<\/a><a href=\"http:\/\/abertoatedemadrugada.com\/2011\/01\/novos-cpus-intel-core.html\" target=\"_blank\">Novos CPUs Intel Core<\/a><\/p>\n<\/td>\n<\/tr>\n<\/tbody>\n<\/table>\n<p style=\"text-align: justify;\">\u00a0<\/p>\n","protected":false},"excerpt":{"rendered":"<p>A VIA anunciou um chip dual-core de baixo consumo el\u00e9trico, chamado Nano X2. Ele possui dois n\u00facleos Isaiah de 64 bits, os mesmos que antes vinham em single-core. Oferece suporte nativo para os softwares de 64 bits, op\u00e7\u00f5es de seguran\u00e7a de hardware PadLock e tecnologia de virtualiza\u00e7\u00e3o VT. Mais&#8230; Not\u00edcias relacionadas: AMD anuncia processadores Phenom [&hellip;]<\/p>\n","protected":false},"author":1,"featured_media":0,"comment_status":"closed","ping_status":"closed","sticky":false,"template":"","format":"standard","meta":{"footnotes":""},"categories":[15],"tags":[1621,1622,1623,155,1124],"class_list":["post-3456","post","type-post","status-publish","format-standard","hentry","category-tic-mais","tag-cpus","tag-dual-core","tag-nano-x2","tag-processadores","tag-via"],"_links":{"self":[{"href":"https:\/\/www.ticmais.pt\/index.php?rest_route=\/wp\/v2\/posts\/3456","targetHints":{"allow":["GET"]}}],"collection":[{"href":"https:\/\/www.ticmais.pt\/index.php?rest_route=\/wp\/v2\/posts"}],"about":[{"href":"https:\/\/www.ticmais.pt\/index.php?rest_route=\/wp\/v2\/types\/post"}],"author":[{"embeddable":true,"href":"https:\/\/www.ticmais.pt\/index.php?rest_route=\/wp\/v2\/users\/1"}],"replies":[{"embeddable":true,"href":"https:\/\/www.ticmais.pt\/index.php?rest_route=%2Fwp%2Fv2%2Fcomments&post=3456"}],"version-history":[{"count":0,"href":"https:\/\/www.ticmais.pt\/index.php?rest_route=\/wp\/v2\/posts\/3456\/revisions"}],"wp:attachment":[{"href":"https:\/\/www.ticmais.pt\/index.php?rest_route=%2Fwp%2Fv2%2Fmedia&parent=3456"}],"wp:term":[{"taxonomy":"category","embeddable":true,"href":"https:\/\/www.ticmais.pt\/index.php?rest_route=%2Fwp%2Fv2%2Fcategories&post=3456"},{"taxonomy":"post_tag","embeddable":true,"href":"https:\/\/www.ticmais.pt\/index.php?rest_route=%2Fwp%2Fv2%2Ftags&post=3456"}],"curies":[{"name":"wp","href":"https:\/\/api.w.org\/{rel}","templated":true}]}}