{"id":3457,"date":"2011-01-08T04:40:55","date_gmt":"2011-01-08T03:40:55","guid":{"rendered":"http:\/\/www.ticmais.pt\/?p=3457"},"modified":"2011-01-08T04:40:55","modified_gmt":"2011-01-08T03:40:55","slug":"10-propostas-4g-da-verizon-de-uma-so-vez","status":"publish","type":"post","link":"https:\/\/www.ticmais.pt\/?p=3457","title":{"rendered":"10 propostas 4G da Verizon de uma s\u00f3 vez"},"content":{"rendered":"<table style=\"width: 100%;\" border=\"0\" cellspacing=\"5\" cellpadding=\"5\" align=\"justify\">\n<tbody>\n<tr>\n<td width=\"160\" valign=\"top\">\n<p><img decoding=\"async\" src=\"\/\/www.ticmais.pt\/ticmais\/imagens\/10%20propostas%204G%20da%20Verizon%20de%20uma%20so%20vez.jpg\" alt=\"\" \/><\/p>\n<\/td>\n<td valign=\"top\">\n<p style=\"text-align: justify;\">A Verizon pretende lan\u00e7ar durante os pr\u00f3ximos meses v\u00e1rios dispositivos m\u00f3veis preparados para a norma LTE (<em>Long Term Evolution<\/em>), habitualmente designada como quarta gera\u00e7\u00e3o. Ao todo ser\u00e3o 10 produtos: quatro smartphones, dois <em>tablets<\/em>, dois <em>hotsposts<\/em> e dois <em>netbooks<\/em>, anunciou a empresa durante a CES. <a href=\"http:\/\/tek.sapo.pt\/multimedia\/10_propostas_4g_da_verizon_de_uma_so_vez_1119660.html\" target=\"_blank\">Mais&#8230;<\/a><\/p>\n<p style=\"text-align: justify;\"><strong>Not\u00edcias CES 2011:<br \/>\n<\/strong><a href=\"http:\/\/targethd.net\/2011\/01\/07\/fujitsu-anuncia-seu-tablet-com-plataforma-intel-oak-trail-e-windows-7-ces-2011\/\" target=\"_blank\">Fujitsu anuncia seu tablet com plataforma Intel Oak Trail e Windows 7<\/a><br \/>\n<a href=\"http:\/\/pcworld.uol.com.br\/noticias\/2011\/01\/07\/dell-lanca-tablet-streak-7-e-prepara-versao-corporativa\/\" target=\"_blank\">Dell lan\u00e7a tablet Streak 7 e prepara vers\u00e3o corporativa<\/a><br \/>\n<a href=\"http:\/\/pcworld.uol.com.br\/noticias\/2011\/01\/06\/video-conheca-o-novo-tablet-da-toshiba-com-sistema-android\/\" target=\"_blank\">V\u00eddeo: conhe\u00e7a o novo tablet da Toshiba com sistema Android<\/a><\/p>\n<\/td>\n<\/tr>\n<\/tbody>\n<\/table>\n<p style=\"text-align: justify;\">\u00a0<\/p>\n","protected":false},"excerpt":{"rendered":"<p>A Verizon pretende lan\u00e7ar durante os pr\u00f3ximos meses v\u00e1rios dispositivos m\u00f3veis preparados para a norma LTE (Long Term Evolution), habitualmente designada como quarta gera\u00e7\u00e3o. Ao todo ser\u00e3o 10 produtos: quatro smartphones, dois tablets, dois hotsposts e dois netbooks, anunciou a empresa durante a CES. Mais&#8230; Not\u00edcias CES 2011: Fujitsu anuncia seu tablet com plataforma Intel [&hellip;]<\/p>\n","protected":false},"author":1,"featured_media":0,"comment_status":"closed","ping_status":"closed","sticky":false,"template":"","format":"standard","meta":{"footnotes":""},"categories":[15],"tags":[1374,101,616,576,1046],"class_list":["post-3457","post","type-post","status-publish","format-standard","hentry","category-tic-mais","tag-1374","tag-4g","tag-ces","tag-lte","tag-verizon"],"_links":{"self":[{"href":"https:\/\/www.ticmais.pt\/index.php?rest_route=\/wp\/v2\/posts\/3457","targetHints":{"allow":["GET"]}}],"collection":[{"href":"https:\/\/www.ticmais.pt\/index.php?rest_route=\/wp\/v2\/posts"}],"about":[{"href":"https:\/\/www.ticmais.pt\/index.php?rest_route=\/wp\/v2\/types\/post"}],"author":[{"embeddable":true,"href":"https:\/\/www.ticmais.pt\/index.php?rest_route=\/wp\/v2\/users\/1"}],"replies":[{"embeddable":true,"href":"https:\/\/www.ticmais.pt\/index.php?rest_route=%2Fwp%2Fv2%2Fcomments&post=3457"}],"version-history":[{"count":0,"href":"https:\/\/www.ticmais.pt\/index.php?rest_route=\/wp\/v2\/posts\/3457\/revisions"}],"wp:attachment":[{"href":"https:\/\/www.ticmais.pt\/index.php?rest_route=%2Fwp%2Fv2%2Fmedia&parent=3457"}],"wp:term":[{"taxonomy":"category","embeddable":true,"href":"https:\/\/www.ticmais.pt\/index.php?rest_route=%2Fwp%2Fv2%2Fcategories&post=3457"},{"taxonomy":"post_tag","embeddable":true,"href":"https:\/\/www.ticmais.pt\/index.php?rest_route=%2Fwp%2Fv2%2Ftags&post=3457"}],"curies":[{"name":"wp","href":"https:\/\/api.w.org\/{rel}","templated":true}]}}