{"id":3466,"date":"2011-01-12T03:08:29","date_gmt":"2011-01-12T02:08:29","guid":{"rendered":"http:\/\/www.ticmais.pt\/?p=3466"},"modified":"2011-01-12T03:08:29","modified_gmt":"2011-01-12T02:08:29","slug":"cuba-descobre-vacina-contra-cancro-do-pulmao","status":"publish","type":"post","link":"https:\/\/www.ticmais.pt\/?p=3466","title":{"rendered":"Cuba descobre vacina contra cancro do pulm\u00e3o"},"content":{"rendered":"<table style=\"width: 100%;\" border=\"0\" cellspacing=\"5\" cellpadding=\"5\" align=\"justify\">\n<tbody>\n<tr>\n<td width=\"160\" valign=\"top\">\n<p><img decoding=\"async\" src=\"\/\/www.ticmais.pt\/ticmais\/imagens\/Cuba%20descobre%20vacina%20contra%20cancro%20do%20pulmao.jpg\" alt=\"\" \/><\/p>\n<\/td>\n<td valign=\"top\">\n<p>Cientistas cubanos anunciaram ontem a descoberta da primeira vacina terap\u00eautica contra o cancro do pulm\u00e3o. A CIMAVAX-EFG, resultante de 15 anos de pesquisa, j\u00e1 est\u00e1 patenteada. <a href=\"http:\/\/aeiou.expresso.pt\/cuba-descobre-vacina-contra-cancro-do-pulmao=f625310\" target=\"_blank\">Mais&#8230;<\/a><\/p>\n<p><strong>Not\u00edcias relacionadas:<br \/>\n<\/strong><a href=\"http:\/\/aeiou.expresso.pt\/desenvolvimento-social-cuba-lidera-nos-paises-emergentes=f625418\" target=\"_blank\">Desenvolvimento social: Cuba lidera nos pa\u00edses emergentes <br \/>\n<\/a><\/p>\n<\/td>\n<\/tr>\n<\/tbody>\n<\/table>\n<p><br class=\"spacer_\" \/><\/p>\n","protected":false},"excerpt":{"rendered":"<p>Cientistas cubanos anunciaram ontem a descoberta da primeira vacina terap\u00eautica contra o cancro do pulm\u00e3o. A CIMAVAX-EFG, resultante de 15 anos de pesquisa, j\u00e1 est\u00e1 patenteada. Mais&#8230; Not\u00edcias relacionadas: Desenvolvimento social: Cuba lidera nos pa\u00edses emergentes<\/p>\n","protected":false},"author":1,"featured_media":0,"comment_status":"closed","ping_status":"closed","sticky":false,"template":"","format":"standard","meta":{"footnotes":""},"categories":[15],"tags":[81,1628,255,348,1037],"class_list":["post-3466","post","type-post","status-publish","format-standard","hentry","category-tic-mais","tag-ciencia","tag-cuba","tag-investigacao","tag-medicina","tag-vacinas"],"_links":{"self":[{"href":"https:\/\/www.ticmais.pt\/index.php?rest_route=\/wp\/v2\/posts\/3466","targetHints":{"allow":["GET"]}}],"collection":[{"href":"https:\/\/www.ticmais.pt\/index.php?rest_route=\/wp\/v2\/posts"}],"about":[{"href":"https:\/\/www.ticmais.pt\/index.php?rest_route=\/wp\/v2\/types\/post"}],"author":[{"embeddable":true,"href":"https:\/\/www.ticmais.pt\/index.php?rest_route=\/wp\/v2\/users\/1"}],"replies":[{"embeddable":true,"href":"https:\/\/www.ticmais.pt\/index.php?rest_route=%2Fwp%2Fv2%2Fcomments&post=3466"}],"version-history":[{"count":0,"href":"https:\/\/www.ticmais.pt\/index.php?rest_route=\/wp\/v2\/posts\/3466\/revisions"}],"wp:attachment":[{"href":"https:\/\/www.ticmais.pt\/index.php?rest_route=%2Fwp%2Fv2%2Fmedia&parent=3466"}],"wp:term":[{"taxonomy":"category","embeddable":true,"href":"https:\/\/www.ticmais.pt\/index.php?rest_route=%2Fwp%2Fv2%2Fcategories&post=3466"},{"taxonomy":"post_tag","embeddable":true,"href":"https:\/\/www.ticmais.pt\/index.php?rest_route=%2Fwp%2Fv2%2Ftags&post=3466"}],"curies":[{"name":"wp","href":"https:\/\/api.w.org\/{rel}","templated":true}]}}