{"id":3484,"date":"2011-01-18T03:23:19","date_gmt":"2011-01-18T02:23:19","guid":{"rendered":"http:\/\/www.ticmais.pt\/?p=3484"},"modified":"2011-01-18T03:23:19","modified_gmt":"2011-01-18T02:23:19","slug":"jornalistas-dominam-comentario-televisivo","status":"publish","type":"post","link":"https:\/\/www.ticmais.pt\/?p=3484","title":{"rendered":"Jornalistas dominam coment\u00e1rio televisivo"},"content":{"rendered":"<table style=\"width: 100%;\" border=\"0\" cellspacing=\"5\" cellpadding=\"5\" align=\"justify\">\n<tbody>\n<tr>\n<td width=\"160\" valign=\"top\">\n<p><img decoding=\"async\" src=\"\/\/www.ticmais.pt\/ticmais\/imagens\/Jornalistas%20dominam%20comentario%20televisivo.jpg\" alt=\"\" \/><\/p>\n<\/td>\n<td valign=\"top\">\n<p style=\"text-align: justify;\">A pluraliza\u00e7\u00e3o dos canais de not\u00edcias n\u00e3o abriu o espa\u00e7o p\u00fablico a outros intervenientes. Antes pelo contr\u00e1rio. Se na d\u00e9cada de 90, eram os pol\u00edticos que dominavam o coment\u00e1rio televisivo, no final da primeira d\u00e9cada do s\u00e9culo XXI o espa\u00e7o \u00e9 ocupado por jornalistas. <a href=\"http:\/\/jn.sapo.pt\/PaginaInicial\/Media\/Interior.aspx?content_id=1759341\" target=\"_blank\">Mais&#8230;<\/a>\u00a0<br \/>\n\u00a0<\/p>\n<\/td>\n<\/tr>\n<\/tbody>\n<\/table>\n<p><br class=\"spacer_\" \/><\/p>\n","protected":false},"excerpt":{"rendered":"<p>A pluraliza\u00e7\u00e3o dos canais de not\u00edcias n\u00e3o abriu o espa\u00e7o p\u00fablico a outros intervenientes. Antes pelo contr\u00e1rio. Se na d\u00e9cada de 90, eram os pol\u00edticos que dominavam o coment\u00e1rio televisivo, no final da primeira d\u00e9cada do s\u00e9culo XXI o espa\u00e7o \u00e9 ocupado por jornalistas. Mais&#8230;\u00a0 \u00a0<\/p>\n","protected":false},"author":1,"featured_media":0,"comment_status":"closed","ping_status":"closed","sticky":false,"template":"","format":"standard","meta":{"footnotes":""},"categories":[15],"tags":[310,166],"class_list":["post-3484","post","type-post","status-publish","format-standard","hentry","category-tic-mais","tag-informacao","tag-televisao"],"_links":{"self":[{"href":"https:\/\/www.ticmais.pt\/index.php?rest_route=\/wp\/v2\/posts\/3484","targetHints":{"allow":["GET"]}}],"collection":[{"href":"https:\/\/www.ticmais.pt\/index.php?rest_route=\/wp\/v2\/posts"}],"about":[{"href":"https:\/\/www.ticmais.pt\/index.php?rest_route=\/wp\/v2\/types\/post"}],"author":[{"embeddable":true,"href":"https:\/\/www.ticmais.pt\/index.php?rest_route=\/wp\/v2\/users\/1"}],"replies":[{"embeddable":true,"href":"https:\/\/www.ticmais.pt\/index.php?rest_route=%2Fwp%2Fv2%2Fcomments&post=3484"}],"version-history":[{"count":0,"href":"https:\/\/www.ticmais.pt\/index.php?rest_route=\/wp\/v2\/posts\/3484\/revisions"}],"wp:attachment":[{"href":"https:\/\/www.ticmais.pt\/index.php?rest_route=%2Fwp%2Fv2%2Fmedia&parent=3484"}],"wp:term":[{"taxonomy":"category","embeddable":true,"href":"https:\/\/www.ticmais.pt\/index.php?rest_route=%2Fwp%2Fv2%2Fcategories&post=3484"},{"taxonomy":"post_tag","embeddable":true,"href":"https:\/\/www.ticmais.pt\/index.php?rest_route=%2Fwp%2Fv2%2Ftags&post=3484"}],"curies":[{"name":"wp","href":"https:\/\/api.w.org\/{rel}","templated":true}]}}