{"id":349,"date":"2008-09-16T08:38:55","date_gmt":"2008-09-16T08:38:55","guid":{"rendered":"http:\/\/www.ticmais.pt\/index.php\/2008\/09\/16\/imi-de-imposto-em-imposto-ate-ao-imposto-final\/"},"modified":"2021-05-02T21:56:17","modified_gmt":"2021-05-02T20:56:17","slug":"imi-de-imposto-em-imposto-ate-ao-imposto-final","status":"publish","type":"post","link":"https:\/\/www.ticmais.pt\/?p=349","title":{"rendered":"IMI &#8211; De Imposto em Imposto, at\u00e9 ao Imposto Final"},"content":{"rendered":"<table style=\"width: 100%;\" border=\"0\" cellspacing=\"5\" cellpadding=\"5\">\n<tbody>\n<tr>\n<td valign=\"top\" width=\"160\">\n<div><img decoding=\"async\" src=\"\/\/www.ticmais.pt\/ticmais\/imagens\/imi-de-imposto-em-imposto-ate-ao-imposto-final.jpg\" alt=\"\" \/><\/div>\n<\/td>\n<td valign=\"top\">\n<div style=\"text-align: justify;\">Num tempo de profunda crise no sector imobili\u00e1rio (com epicentro no mercado de cr\u00e9dito imobili\u00e1rio dos Estados Unidos destinado \u00e0s fam\u00edlias de menores rendimentos) que se vem propagando a v\u00e1rios pa\u00edses,\u00a0e que j\u00e1 obrigou os EUA, o mais ac\u00e9rrimo defensor da iniciativa privada, \u00e0 iminente &#8220;nacionaliza\u00e7\u00e3o&#8221; dos dois gigantes do cr\u00e9dito imobili\u00e1rio (Freddie Mac &amp; Fannie Mae), atrav\u00e9s do seu controlo federal e da injec\u00e7\u00e3o de 200 mil milh\u00f5es de <strong>d\u00f3lares de dinheiros p\u00fablicos<\/strong>, situa\u00e7\u00e3o que n\u00e3o era vista desde a &#8220;Grande Depress\u00e3o&#8221;, h\u00e1 quase um s\u00e9culo.<\/div>\n<div><\/div>\n<div><a href=\"http:\/\/www.ticmais.pt\/?p=1234\"><img decoding=\"async\" src=\"\/\/www.ticmais.pt\/ticmais\/imagens\/ticmaislogomini.png\" alt=\"\" \/><\/a><\/div>\n<\/td>\n<\/tr>\n<\/tbody>\n<\/table>\n<div><!--more--><\/div>\n<table style=\"width: 100%;\" border=\"0\" cellspacing=\"5\" cellpadding=\"5\" align=\"justify\">\n<tbody>\n<tr>\n<td valign=\"top\">\n<div style=\"text-align: justify;\">Ainda agora, quando escrevo estas linhas, se anunciava o colapso do quarto maior banco de investimento dos EUA, o Lehman Brothers, com uma d\u00edvida total que ultrapassa os 613 mil milh\u00f5es de d\u00f3lares, protagonizando a maior fal\u00eancia de sempre nesse pa\u00eds, que poder\u00e1 criar uma reac\u00e7\u00e3o em cadeia com efeitos imprevis\u00edveis na economia mundial, e\u00a0logo de seguida a Reserva Federal norte-americana \u00e9 tamb\u00e9m obrigada\u00a0a salvar a American International Group (AIG) da bancarrota injectando 60 mil milh\u00f5es de euros na AIG, numa tentativa de evitar a fal\u00eancia da maior seguradora do Mundo.<\/div>\n<div><span style=\"color: #ffffff;\">.<\/span><\/div>\n<div style=\"text-align: justify;\">Conv\u00e9m n\u00e3o esquecer que <strong>grande parte dos l\u00edderes<\/strong> das empresas que entraram ou est\u00e3o em vias de entrar em colapso financeiro nos Estados Unidos <strong>recebeu b\u00f3nus entre 1 e 10,6 milh\u00f5es de d\u00f3lares<\/strong> pelos objectivos \u201calcan\u00e7ados\u201d no ano passado, talvez para premiar o facto de terem provocado uma crise financeira sem precedentes e o <a href=\"http:\/\/www.bbc.co.uk\/portuguese\/reporterbbc\/story\/2008\/01\/080123_empregodb.shtml\" target=\"_blank\" rel=\"noopener noreferrer\">crescimento vertiginoso do desemprego<\/a>.<\/div>\n<div><span style=\"color: #ffffff;\">.<\/span><\/div>\n<div style=\"text-align: justify;\">Num tempo em que at\u00e9 Jos\u00e9 S\u00f3crates j\u00e1 admitiu, em Julho deste ano, que \u00abo IMI (Imposto Municipal Sobre Im\u00f3veis) tornou-se um sorvedouro de recursos familiares\u00bb, que \u00abas fam\u00edlias est\u00e3o amea\u00e7adas e sofreram um enorme impacto nos seus or\u00e7amentos pela subida dos juros e combust\u00edveis\u00bb e que \u00ab\u00e9 preciso fazer alguma coisa para reduzir os custos com a habita\u00e7\u00e3o\u00bb, tendo para o efeito o Governo aprovado um conjunto de medidas para limitar o aumento do IMI e alargar os prazos de isen\u00e7\u00e3o desse imposto (\u00e9 certo que ainda a carecer de aprova\u00e7\u00e3o do Parlamento).<br \/>\n<strong><span style=\"color: #ffffff;\">.<\/span><br \/>\nNum tempo em que, em Portugal:<\/strong><\/div>\n<\/td>\n<\/tr>\n<\/tbody>\n<\/table>\n<table style=\"width: 100%;\" border=\"0\" cellspacing=\"5\" cellpadding=\"5\" align=\"justify\">\n<tbody>\n<tr>\n<td style=\"width: 5px;\" valign=\"top\">\n<div>\u2022<\/div>\n<\/td>\n<td valign=\"top\">\n<div>o diagn\u00f3stico mais recente confirma uma situa\u00e7\u00e3o muito preocupante e que configura que a crise que o sector imobili\u00e1rio atravessa n\u00e3o \u00e9 transit\u00f3ria mas estrutural;<\/div>\n<\/td>\n<\/tr>\n<\/tbody>\n<\/table>\n<table style=\"width: 100%;\" border=\"0\" cellspacing=\"5\" cellpadding=\"5\" align=\"justify\">\n<tbody>\n<tr>\n<td style=\"width: 5px;\" valign=\"top\">\n<div>\u2022<\/div>\n<\/td>\n<td valign=\"top\">\n<div>quase uma em cada tr\u00eas fam\u00edlias tem encargos com empr\u00e9stimos para a compra ou reconstru\u00e7\u00e3o de habita\u00e7\u00e3o pr\u00f3pria permanente;<\/div>\n<\/td>\n<\/tr>\n<\/tbody>\n<\/table>\n<table style=\"width: 100%;\" border=\"0\" cellspacing=\"5\" cellpadding=\"5\" align=\"justify\">\n<tbody>\n<tr>\n<td style=\"width: 5px;\" valign=\"top\">\n<div>\u2022<\/div>\n<\/td>\n<td valign=\"top\">\n<div>mais de 80% da totalidade do cr\u00e9dito concedido \u00e0s fam\u00edlias \u00e9 para a compra de habita\u00e7\u00e3o;<\/div>\n<\/td>\n<\/tr>\n<\/tbody>\n<\/table>\n<table style=\"width: 100%;\" border=\"0\" cellspacing=\"5\" cellpadding=\"5\" align=\"justify\">\n<tbody>\n<tr>\n<td style=\"width: 5px;\" valign=\"top\">\n<div>\u2022<\/div>\n<\/td>\n<td valign=\"top\">\n<div style=\"text-align: justify;\">desde que iniciou o seu ciclo de subida, em Setembro de 2005, a Euribor a seis meses j\u00e1 subiu 136%, passando de uma m\u00e9dia de 2,16%, o valor mais baixo de sempre, para os actuais 5,202 (em finais de Agosto), o valor mais elevado em oito anos;<\/div>\n<\/td>\n<\/tr>\n<\/tbody>\n<\/table>\n<table style=\"width: 100%;\" border=\"0\" cellspacing=\"5\" cellpadding=\"5\" align=\"justify\">\n<tbody>\n<tr>\n<td style=\"width: 5px;\" valign=\"top\">\n<div>\u2022<\/div>\n<\/td>\n<td valign=\"top\">\n<div style=\"text-align: justify;\">muitas fam\u00edlias, t\u00eam no seio do seu agregado, problemas de desemprego, aumentos de sal\u00e1rios limitados, acesso nas carreiras condicionados, classifica\u00e7\u00f5es por atribuir que retiram progress\u00f5es e pr\u00e9mios.<\/div>\n<\/td>\n<\/tr>\n<\/tbody>\n<\/table>\n<table style=\"width: 100%;\" border=\"0\" cellspacing=\"5\" cellpadding=\"5\" align=\"justify\">\n<tbody>\n<tr>\n<td valign=\"top\">\n<div style=\"text-align: justify;\">\u00c9 neste mesmo tempo, que h\u00e1 munic\u00edpios do pa\u00eds, designadamente o de Coruche, a aprovar e a manter as Taxas do Imposto Municipal Sobre Im\u00f3veis (IMI) em 0,7 \u2013 0,4 (valores m\u00e1ximos de acordo com proposta do Governo), sem ter em linha de conta a conjuntura que vivemos, nem o facto de o Governo j\u00e1 ter aprovado medidas para travar o aumento do IMI, designadamente a redu\u00e7\u00e3o da taxa m\u00e1xima, de 0,8% para 0,7% nos pr\u00e9dios n\u00e3o avaliados, e de 0,5% para 0,4% para os pr\u00e9dios j\u00e1 avaliados, e o alargamento do per\u00edodo de isen\u00e7\u00e3o: de seis para oito anos nas casas avaliadas at\u00e9 157.500 euros, de tr\u00eas para quatro anos nas habita\u00e7\u00f5es entre 157.500 e 236.250 euros (valores superiores a esse n\u00e3o t\u00eam isen\u00e7\u00e3o).<\/div>\n<div><span style=\"color: #ffffff;\">.<\/span><\/div>\n<div style=\"text-align: justify;\">\u00c9 perfeitamente evidente que se nota aqui que \u00e9 mais f\u00e1cil ao Governo responsabilizar as autarquias pelo aumento da carga fiscal do que ele pr\u00f3prio dar o exemplo e baixar os impostos da sua responsabilidade, designadamente o IRS ou o ISP (Imposto sobre Produtos Petrol\u00edferos).<\/div>\n<div><span style=\"color: #ffffff;\">.<\/span><\/div>\n<div style=\"text-align: justify;\">No entanto, n\u00e3o posso deixar de concordar que se limite o aumento do IMI, pois acho desajustado <a href=\"http:\/\/www.agenciafinanceira.iol.pt\/noticia.php?id=995372&amp;div_id=1730\" target=\"_blank\" rel=\"noopener noreferrer\">o valor cobrado anualmente<\/a>.<\/div>\n<div><span style=\"color: #ffffff;\">.<\/span><\/div>\n<div style=\"text-align: justify;\">N\u00e3o ser\u00e1 certamente com os munic\u00edpios a aprovarem, para 2009, taxas m\u00e1ximas de IMI de 0,7-0,4, procurando a todo o custo manter o n\u00edvel de evolu\u00e7\u00e3o dessa receita, mesmo que obtida \u00e0 custa da crise de grande parte das fam\u00edlias e do sector imobili\u00e1rio, que se aliviar\u00e1 a press\u00e3o sobre as fam\u00edlias e empresas que est\u00e3o j\u00e1 altamente endividadas e \u00e0 beira do abismo.<\/div>\n<\/td>\n<\/tr>\n<tr>\n<td valign=\"top\">\n<div>\u00a0<strong>NOTAS:<\/strong><\/div>\n<\/td>\n<\/tr>\n<\/tbody>\n<\/table>\n<table style=\"width: 100%;\" border=\"0\" cellspacing=\"5\" cellpadding=\"5\" align=\"justify\">\n<tbody>\n<tr>\n<td style=\"width: 5px;\" valign=\"top\">\n<div><strong>1.<\/strong><\/div>\n<\/td>\n<td valign=\"top\">\n<div>Segundo dados fornecidos \u00e0 Lusa pelo ex-secret\u00e1rio de Estado dos Assuntos Fiscais Vasco Valdez, as receitas do Imposto Municipal sobre Im\u00f3veis aumentaram perto 50 por cento entre 2003 e 2007, para mil milh\u00f5es de euros.<\/div>\n<\/td>\n<\/tr>\n<\/tbody>\n<\/table>\n<table style=\"width: 100%;\" border=\"0\" cellspacing=\"5\" cellpadding=\"5\" align=\"justify\">\n<tbody>\n<tr>\n<td style=\"width: 5px;\" valign=\"top\">\n<div><strong>2.<\/strong><\/div>\n<\/td>\n<td valign=\"top\">\n<div>Segundo fonte da Associa\u00e7\u00e3o Nacional de Munic\u00edpios Portugueses (ANMP), a receita do IMI cresceu 10,8 por cento de 2006 para 2007.<\/div>\n<\/td>\n<\/tr>\n<\/tbody>\n<\/table>\n<table style=\"width: 100%;\" border=\"0\" cellspacing=\"5\" cellpadding=\"5\" align=\"justify\">\n<tbody>\n<tr>\n<td style=\"width: 5px;\" valign=\"top\">\n<div><strong>3.<\/strong><\/div>\n<\/td>\n<td valign=\"top\">\n<div>Segundo dados da C\u00e2mara Municipal de Coruche, a receita do IMI do munic\u00edpio cresceu 9 por cento de 2006 para 2007.<\/div>\n<\/td>\n<\/tr>\n<tr>\n<td colspan=\"2\">\u00a0<span style=\"color: #ffffff;\">.<\/span><\/p>\n<p><strong><a href=\"https:\/\/www.ticmais.pt\/ticmais\/pdf\/2008.09.19.de.imposto.em.imposto.ate.ao.imposto.final.pdf\">Not\u00edcia publicada no Jornal Mais Regi\u00e3o<\/a><\/strong><\/p>\n<p><img decoding=\"async\" src=\"\/\/www.ticmais.pt\/ticmais\/imagens\/Coruche,Antonio Pinheiro da Costa,TicMAIS,Cantanhede,Cidadania, Movimento.png\" alt=\"\" \/><\/td>\n<\/tr>\n<tr>\n<td colspan=\"2\">\n<div><a href=\"https:\/\/www.ticmais.pt\/\"><img decoding=\"async\" src=\"\/\/www.ticmais.pt\/ticmais\/imagens\/Coruche, TicMAIS, Antonio Pinheiro da Costa, Movimento de Cidadania, Cantanhede.png\" alt=\"\" \/><\/a><\/div>\n<\/td>\n<\/tr>\n<tr>\n<td style=\"background-color: #e2dedf;\" colspan=\"2\">Not\u00edcias relacionadas:<br \/>\n<a href=\"http:\/\/www.jornaldenegocios.pt\/index.php?template=SHOWNEWS&amp;id=348080\" target=\"_blank\" rel=\"noopener noreferrer\">70% das autarquias exige IMI m\u00e1ximo a moradores<\/a><\/td>\n<\/tr>\n<\/tbody>\n<\/table>\n","protected":false},"excerpt":{"rendered":"<p>Num tempo de profunda crise no sector imobili\u00e1rio (com epicentro no mercado de cr\u00e9dito imobili\u00e1rio dos Estados Unidos destinado \u00e0s fam\u00edlias de menores rendimentos) que se vem propagando a v\u00e1rios pa\u00edses,\u00a0e que j\u00e1 obrigou os EUA, o mais ac\u00e9rrimo defensor da iniciativa privada, \u00e0 iminente &#8220;nacionaliza\u00e7\u00e3o&#8221; dos dois gigantes do cr\u00e9dito imobili\u00e1rio (Freddie Mac &amp; [&hellip;]<\/p>\n","protected":false},"author":1,"featured_media":0,"comment_status":"open","ping_status":"open","sticky":false,"template":"","format":"standard","meta":{"footnotes":""},"categories":[15],"tags":[2,3,4,5,6,90,10,11,12,13,16],"class_list":["post-349","post","type-post","status-publish","format-standard","hentry","category-tic-mais","tag-antonio-pinheiro-da-costa","tag-camara-municipal-de-coruche","tag-cantanhede","tag-cidadania","tag-coruche","tag-impostos","tag-movimentos-civicos","tag-movimento-de-cidadania","tag-municipios","tag-poder-local","tag-ticmais"],"_links":{"self":[{"href":"https:\/\/www.ticmais.pt\/index.php?rest_route=\/wp\/v2\/posts\/349","targetHints":{"allow":["GET"]}}],"collection":[{"href":"https:\/\/www.ticmais.pt\/index.php?rest_route=\/wp\/v2\/posts"}],"about":[{"href":"https:\/\/www.ticmais.pt\/index.php?rest_route=\/wp\/v2\/types\/post"}],"author":[{"embeddable":true,"href":"https:\/\/www.ticmais.pt\/index.php?rest_route=\/wp\/v2\/users\/1"}],"replies":[{"embeddable":true,"href":"https:\/\/www.ticmais.pt\/index.php?rest_route=%2Fwp%2Fv2%2Fcomments&post=349"}],"version-history":[{"count":0,"href":"https:\/\/www.ticmais.pt\/index.php?rest_route=\/wp\/v2\/posts\/349\/revisions"}],"wp:attachment":[{"href":"https:\/\/www.ticmais.pt\/index.php?rest_route=%2Fwp%2Fv2%2Fmedia&parent=349"}],"wp:term":[{"taxonomy":"category","embeddable":true,"href":"https:\/\/www.ticmais.pt\/index.php?rest_route=%2Fwp%2Fv2%2Fcategories&post=349"},{"taxonomy":"post_tag","embeddable":true,"href":"https:\/\/www.ticmais.pt\/index.php?rest_route=%2Fwp%2Fv2%2Ftags&post=349"}],"curies":[{"name":"wp","href":"https:\/\/api.w.org\/{rel}","templated":true}]}}