{"id":3491,"date":"2011-01-21T10:31:28","date_gmt":"2011-01-21T09:31:28","guid":{"rendered":"http:\/\/www.ticmais.pt\/?p=3491"},"modified":"2011-01-21T10:31:28","modified_gmt":"2011-01-21T09:31:28","slug":"febre-dos-tablets-deixara-portateis-a-beira-da-extincao","status":"publish","type":"post","link":"https:\/\/www.ticmais.pt\/?p=3491","title":{"rendered":"Febre dos tablets deixar\u00e1 port\u00e1teis \u00e0 beira da extin\u00e7\u00e3o"},"content":{"rendered":"<table style=\"width: 100%;\" border=\"0\" cellspacing=\"5\" cellpadding=\"5\" align=\"justify\">\n<tbody>\n<tr>\n<td width=\"160\" valign=\"top\">\n<p><img decoding=\"async\" src=\"\/\/www.ticmais.pt\/ticmais\/imagens\/Febre%20dos%20tablets%20deixara%20portateis%20a%20beira%20da%20extincao.jpg\" alt=\"\" \/><\/p>\n<\/td>\n<td valign=\"top\">\n<p style=\"text-align: justify;\">Chegou, viu e venceu. Eis a curta hist\u00f3ria de vida do <em>iPad<\/em>, o computador pessoal ultraport\u00e1til de ecr\u00e3 t\u00e1til, que inaugurou um novo segmento &#8211; os <em>tablet<\/em>s &#8211; mas que poder\u00e1 conduzir os port\u00e1teis \u00e0 extin\u00e7\u00e3o. <a href=\"http:\/\/aeiou.expresso.pt\/-febre-dos-itabletsi-deixara-portateis-a-beira-da-extincao=f627177\" target=\"_blank\">Mais&#8230;<br \/>\n<\/a><\/p>\n<\/td>\n<\/tr>\n<\/tbody>\n<\/table>\n<p><br class=\"spacer_\" \/><\/p>\n","protected":false},"excerpt":{"rendered":"<p>Chegou, viu e venceu. Eis a curta hist\u00f3ria de vida do iPad, o computador pessoal ultraport\u00e1til de ecr\u00e3 t\u00e1til, que inaugurou um novo segmento &#8211; os tablets &#8211; mas que poder\u00e1 conduzir os port\u00e1teis \u00e0 extin\u00e7\u00e3o. Mais&#8230;<\/p>\n","protected":false},"author":1,"featured_media":0,"comment_status":"closed","ping_status":"closed","sticky":false,"template":"","format":"standard","meta":{"footnotes":""},"categories":[15],"tags":[236,80,490,1312,75,1603],"class_list":["post-3491","post","type-post","status-publish","format-standard","hentry","category-tic-mais","tag-computadores","tag-netbooks","tag-portateis","tag-sucesso","tag-tablet","tag-vendas"],"_links":{"self":[{"href":"https:\/\/www.ticmais.pt\/index.php?rest_route=\/wp\/v2\/posts\/3491","targetHints":{"allow":["GET"]}}],"collection":[{"href":"https:\/\/www.ticmais.pt\/index.php?rest_route=\/wp\/v2\/posts"}],"about":[{"href":"https:\/\/www.ticmais.pt\/index.php?rest_route=\/wp\/v2\/types\/post"}],"author":[{"embeddable":true,"href":"https:\/\/www.ticmais.pt\/index.php?rest_route=\/wp\/v2\/users\/1"}],"replies":[{"embeddable":true,"href":"https:\/\/www.ticmais.pt\/index.php?rest_route=%2Fwp%2Fv2%2Fcomments&post=3491"}],"version-history":[{"count":0,"href":"https:\/\/www.ticmais.pt\/index.php?rest_route=\/wp\/v2\/posts\/3491\/revisions"}],"wp:attachment":[{"href":"https:\/\/www.ticmais.pt\/index.php?rest_route=%2Fwp%2Fv2%2Fmedia&parent=3491"}],"wp:term":[{"taxonomy":"category","embeddable":true,"href":"https:\/\/www.ticmais.pt\/index.php?rest_route=%2Fwp%2Fv2%2Fcategories&post=3491"},{"taxonomy":"post_tag","embeddable":true,"href":"https:\/\/www.ticmais.pt\/index.php?rest_route=%2Fwp%2Fv2%2Ftags&post=3491"}],"curies":[{"name":"wp","href":"https:\/\/api.w.org\/{rel}","templated":true}]}}