{"id":3493,"date":"2011-01-21T10:51:40","date_gmt":"2011-01-21T09:51:40","guid":{"rendered":"http:\/\/www.ticmais.pt\/?p=3493"},"modified":"2011-01-21T10:51:40","modified_gmt":"2011-01-21T09:51:40","slug":"nokia-pode-estrear-n9-em-fevereiro-com-processadores-atom-da-intel","status":"publish","type":"post","link":"https:\/\/www.ticmais.pt\/?p=3493","title":{"rendered":"Nokia pode estrear N9 em Fevereiro com processadores Atom, da Intel"},"content":{"rendered":"<table style=\"width: 100%;\" border=\"0\" cellspacing=\"5\" cellpadding=\"5\" align=\"justify\">\n<tbody>\n<tr>\n<td width=\"160\" valign=\"top\">\n<p><img decoding=\"async\" src=\"\/\/www.ticmais.pt\/ticmais\/imagens\/Nokia%20pode%20estrear%20N9%20em%20Fevereiro%20com%20processadores%20Atom%20da%20Intel.jpg\" alt=\"\" \/><\/p>\n<\/td>\n<td valign=\"top\">\n<p style=\"text-align: justify;\">Na Nokia, as aten\u00e7\u00f5es est\u00e3o concentradas no N9. Entre os atrativos do novo <em>smartphone<\/em> destaca-se a inclus\u00e3o de processadores Atom, da Intel. <a href=\"http:\/\/aeiou.exameinformatica.pt\/nokia-pode-estrear-n9-em-fevereiro-com-processadores-atom-da-intel=f1008405\" target=\"_blank\">Mais&#8230;\u00a0<\/a><\/p>\n<\/td>\n<\/tr>\n<\/tbody>\n<\/table>\n<p style=\"text-align: justify;\"><br class=\"spacer_\" \/><\/p>\n","protected":false},"excerpt":{"rendered":"<p>Na Nokia, as aten\u00e7\u00f5es est\u00e3o concentradas no N9. Entre os atrativos do novo smartphone destaca-se a inclus\u00e3o de processadores Atom, da Intel. Mais&#8230;\u00a0<\/p>\n","protected":false},"author":1,"featured_media":0,"comment_status":"closed","ping_status":"closed","sticky":false,"template":"","format":"standard","meta":{"footnotes":""},"categories":[15],"tags":[222,79,1652,114,155,87,88],"class_list":["post-3493","post","type-post","status-publish","format-standard","hentry","category-tic-mais","tag-atom","tag-intel","tag-n9","tag-nokia","tag-processadores","tag-smartphones","tag-telemoveis"],"_links":{"self":[{"href":"https:\/\/www.ticmais.pt\/index.php?rest_route=\/wp\/v2\/posts\/3493","targetHints":{"allow":["GET"]}}],"collection":[{"href":"https:\/\/www.ticmais.pt\/index.php?rest_route=\/wp\/v2\/posts"}],"about":[{"href":"https:\/\/www.ticmais.pt\/index.php?rest_route=\/wp\/v2\/types\/post"}],"author":[{"embeddable":true,"href":"https:\/\/www.ticmais.pt\/index.php?rest_route=\/wp\/v2\/users\/1"}],"replies":[{"embeddable":true,"href":"https:\/\/www.ticmais.pt\/index.php?rest_route=%2Fwp%2Fv2%2Fcomments&post=3493"}],"version-history":[{"count":0,"href":"https:\/\/www.ticmais.pt\/index.php?rest_route=\/wp\/v2\/posts\/3493\/revisions"}],"wp:attachment":[{"href":"https:\/\/www.ticmais.pt\/index.php?rest_route=%2Fwp%2Fv2%2Fmedia&parent=3493"}],"wp:term":[{"taxonomy":"category","embeddable":true,"href":"https:\/\/www.ticmais.pt\/index.php?rest_route=%2Fwp%2Fv2%2Fcategories&post=3493"},{"taxonomy":"post_tag","embeddable":true,"href":"https:\/\/www.ticmais.pt\/index.php?rest_route=%2Fwp%2Fv2%2Ftags&post=3493"}],"curies":[{"name":"wp","href":"https:\/\/api.w.org\/{rel}","templated":true}]}}