{"id":3498,"date":"2011-01-24T13:36:21","date_gmt":"2011-01-24T12:36:21","guid":{"rendered":"http:\/\/www.ticmais.pt\/?p=3498"},"modified":"2011-01-24T13:36:21","modified_gmt":"2011-01-24T12:36:21","slug":"inquerito-vai-apurar-falhas-informaticas-que-dificultaram-acesso-as-urnas","status":"publish","type":"post","link":"https:\/\/www.ticmais.pt\/?p=3498","title":{"rendered":"Inqu\u00e9rito vai apurar falhas inform\u00e1ticas que dificultaram acesso \u00e0s urnas"},"content":{"rendered":"<table style=\"width: 100%;\" border=\"0\" cellspacing=\"5\" cellpadding=\"5\" align=\"justify\">\n<tbody>\n<tr>\n<td width=\"160\" valign=\"top\">\n<p><img decoding=\"async\" src=\"\/\/www.ticmais.pt\/ticmais\/imagens\/Inquerito%20vai%20apurar%20falhas%20informaticas%20que%20dificultaram%20acesso%20as%20urnas.jpg\" alt=\"\" \/><\/p>\n<\/td>\n<td valign=\"top\">\n<p style=\"text-align: justify;\">Os sistemas electr\u00f3nicos para informar sobre n\u00fameros de eleitor e locais de voto n\u00e3o conseguiram responder &#8220;ao fluxo anormal de pedidos&#8221; de ontem, admitiu o MAI, que vai instaurar um inqu\u00e9rito para apurar responsabilidades e evitar que se repita. <a href=\"http:\/\/tek.sapo.pt\/noticias\/telecomunicacoes\/inquerito_vai_apurar_falhas_informaticas_que_1123687.html\" target=\"_blank\">Mais&#8230;<br \/>\n<\/a>\u00a0<\/p>\n<\/td>\n<\/tr>\n<\/tbody>\n<\/table>\n<p><br class=\"spacer_\" \/><\/p>\n","protected":false},"excerpt":{"rendered":"<p>Os sistemas electr\u00f3nicos para informar sobre n\u00fameros de eleitor e locais de voto n\u00e3o conseguiram responder &#8220;ao fluxo anormal de pedidos&#8221; de ontem, admitiu o MAI, que vai instaurar um inqu\u00e9rito para apurar responsabilidades e evitar que se repita. Mais&#8230; \u00a0<\/p>\n","protected":false},"author":1,"featured_media":0,"comment_status":"closed","ping_status":"closed","sticky":false,"template":"","format":"standard","meta":{"footnotes":""},"categories":[15],"tags":[1374,188,1327,1248,1658,1659,1656],"class_list":["post-3498","post","type-post","status-publish","format-standard","hentry","category-tic-mais","tag-1374","tag-eleicoes","tag-falha","tag-inquerito","tag-mai","tag-ministerio","tag-presidenciais"],"_links":{"self":[{"href":"https:\/\/www.ticmais.pt\/index.php?rest_route=\/wp\/v2\/posts\/3498","targetHints":{"allow":["GET"]}}],"collection":[{"href":"https:\/\/www.ticmais.pt\/index.php?rest_route=\/wp\/v2\/posts"}],"about":[{"href":"https:\/\/www.ticmais.pt\/index.php?rest_route=\/wp\/v2\/types\/post"}],"author":[{"embeddable":true,"href":"https:\/\/www.ticmais.pt\/index.php?rest_route=\/wp\/v2\/users\/1"}],"replies":[{"embeddable":true,"href":"https:\/\/www.ticmais.pt\/index.php?rest_route=%2Fwp%2Fv2%2Fcomments&post=3498"}],"version-history":[{"count":0,"href":"https:\/\/www.ticmais.pt\/index.php?rest_route=\/wp\/v2\/posts\/3498\/revisions"}],"wp:attachment":[{"href":"https:\/\/www.ticmais.pt\/index.php?rest_route=%2Fwp%2Fv2%2Fmedia&parent=3498"}],"wp:term":[{"taxonomy":"category","embeddable":true,"href":"https:\/\/www.ticmais.pt\/index.php?rest_route=%2Fwp%2Fv2%2Fcategories&post=3498"},{"taxonomy":"post_tag","embeddable":true,"href":"https:\/\/www.ticmais.pt\/index.php?rest_route=%2Fwp%2Fv2%2Ftags&post=3498"}],"curies":[{"name":"wp","href":"https:\/\/api.w.org\/{rel}","templated":true}]}}