{"id":3507,"date":"2011-01-27T02:49:04","date_gmt":"2011-01-27T01:49:04","guid":{"rendered":"http:\/\/www.ticmais.pt\/?p=3507"},"modified":"2011-01-27T02:49:04","modified_gmt":"2011-01-27T01:49:04","slug":"facebook-lanca-dois-telefones-em-fevereiro","status":"publish","type":"post","link":"https:\/\/www.ticmais.pt\/?p=3507","title":{"rendered":"Facebook lan\u00e7a dois telefones em Fevereiro"},"content":{"rendered":"<table style=\"width: 100%;\" border=\"0\" cellspacing=\"5\" cellpadding=\"5\" align=\"justify\">\n<tbody>\n<tr>\n<td width=\"160\" valign=\"top\">\n<p><img decoding=\"async\" src=\"\/\/www.ticmais.pt\/ticmais\/imagens\/Facebook%20lanca%20dois%20telefones%20em%20Fevereiro.jpg\" alt=\"\" \/><\/p>\n<\/td>\n<td valign=\"top\">\n<p>A HTC vai colocar no mercado dois telefones m\u00f3veis com a marca do Facebook.<br \/>\nOs terminais dever\u00e3o estar dispon\u00edveis j\u00e1 em Fevereiro, ter\u00e3o a cor e a marca Facebook e v\u00e3o trabalhar sobre uma vers\u00e3o modificada do sistema Android. <a href=\"http:\/\/www.pcguia.xl.pt\/destaques\/13-destaques\/1223-facebook-lanca-dois-telefones-em-fevereiro.html\" target=\"_blank\">Mais&#8230;<\/a><\/p>\n<\/td>\n<\/tr>\n<\/tbody>\n<\/table>\n<p><br class=\"spacer_\" \/><\/p>\n","protected":false},"excerpt":{"rendered":"<p>A HTC vai colocar no mercado dois telefones m\u00f3veis com a marca do Facebook. Os terminais dever\u00e3o estar dispon\u00edveis j\u00e1 em Fevereiro, ter\u00e3o a cor e a marca Facebook e v\u00e3o trabalhar sobre uma vers\u00e3o modificada do sistema Android. Mais&#8230;<\/p>\n","protected":false},"author":1,"featured_media":0,"comment_status":"closed","ping_status":"closed","sticky":false,"template":"","format":"standard","meta":{"footnotes":""},"categories":[15],"tags":[91,811,768,162,812,87],"class_list":["post-3507","post","type-post","status-publish","format-standard","hentry","category-tic-mais","tag-android","tag-barcelona","tag-facebook","tag-htc","tag-mobile-world-congress","tag-smartphones"],"_links":{"self":[{"href":"https:\/\/www.ticmais.pt\/index.php?rest_route=\/wp\/v2\/posts\/3507","targetHints":{"allow":["GET"]}}],"collection":[{"href":"https:\/\/www.ticmais.pt\/index.php?rest_route=\/wp\/v2\/posts"}],"about":[{"href":"https:\/\/www.ticmais.pt\/index.php?rest_route=\/wp\/v2\/types\/post"}],"author":[{"embeddable":true,"href":"https:\/\/www.ticmais.pt\/index.php?rest_route=\/wp\/v2\/users\/1"}],"replies":[{"embeddable":true,"href":"https:\/\/www.ticmais.pt\/index.php?rest_route=%2Fwp%2Fv2%2Fcomments&post=3507"}],"version-history":[{"count":0,"href":"https:\/\/www.ticmais.pt\/index.php?rest_route=\/wp\/v2\/posts\/3507\/revisions"}],"wp:attachment":[{"href":"https:\/\/www.ticmais.pt\/index.php?rest_route=%2Fwp%2Fv2%2Fmedia&parent=3507"}],"wp:term":[{"taxonomy":"category","embeddable":true,"href":"https:\/\/www.ticmais.pt\/index.php?rest_route=%2Fwp%2Fv2%2Fcategories&post=3507"},{"taxonomy":"post_tag","embeddable":true,"href":"https:\/\/www.ticmais.pt\/index.php?rest_route=%2Fwp%2Fv2%2Ftags&post=3507"}],"curies":[{"name":"wp","href":"https:\/\/api.w.org\/{rel}","templated":true}]}}