{"id":3516,"date":"2011-02-02T13:23:19","date_gmt":"2011-02-02T12:23:19","guid":{"rendered":"http:\/\/www.ticmais.pt\/?p=3516"},"modified":"2011-02-02T13:23:19","modified_gmt":"2011-02-02T12:23:19","slug":"grupo-civico-defende-numero-unico-de-identificacao-perante-o-estado","status":"publish","type":"post","link":"https:\/\/www.ticmais.pt\/?p=3516","title":{"rendered":"Grupo c\u00edvico defende n\u00famero \u00fanico de identifica\u00e7\u00e3o perante o Estado"},"content":{"rendered":"<table style=\"width: 100%;\" border=\"0\" cellspacing=\"5\" cellpadding=\"5\" align=\"justify\">\n<tbody>\n<tr>\n<td width=\"160\" valign=\"top\">\n<p><img decoding=\"async\" src=\"\/\/www.ticmais.pt\/ticmais\/imagens\/Grupo%20civico%20defende%20numero%20unico%20de%20identificacao%20perante%20o%20Estado.jpg\" alt=\"\" \/><\/p>\n<\/td>\n<td valign=\"top\">\n<p style=\"text-align: justify;\">Os problemas registados durante as \u00faltimas elei\u00e7\u00f5es com o Cart\u00e3o de Cidad\u00e3o levam a APDSI a sugerir que seja retirado, da Constitui\u00e7\u00e3o, o artigo que pro\u00edbe a cria\u00e7\u00e3o de um N\u00famero \u00danico de identifica\u00e7\u00e3o, desde que se garanta a protec\u00e7\u00e3o dos dados pessoais. <a href=\"http:\/\/tek.sapo.pt\/noticias\/telecomunicacoes\/grupo_civico_defende_numero_unico_de_identifi_1126388.html\" target=\"_blank\">Mais&#8230;<br \/>\n<\/a><\/p>\n<\/td>\n<\/tr>\n<\/tbody>\n<\/table>\n<p style=\"text-align: justify;\">\u00a0<\/p>\n","protected":false},"excerpt":{"rendered":"<p>Os problemas registados durante as \u00faltimas elei\u00e7\u00f5es com o Cart\u00e3o de Cidad\u00e3o levam a APDSI a sugerir que seja retirado, da Constitui\u00e7\u00e3o, o artigo que pro\u00edbe a cria\u00e7\u00e3o de um N\u00famero \u00danico de identifica\u00e7\u00e3o, desde que se garanta a protec\u00e7\u00e3o dos dados pessoais. Mais&#8230; \u00a0<\/p>\n","protected":false},"author":1,"featured_media":0,"comment_status":"closed","ping_status":"closed","sticky":false,"template":"","format":"standard","meta":{"footnotes":""},"categories":[15],"tags":[688,188,132,35],"class_list":["post-3516","post","type-post","status-publish","format-standard","hentry","category-tic-mais","tag-cartao-de-cidadao","tag-eleicoes","tag-portugal","tag-telecomunicacoes"],"_links":{"self":[{"href":"https:\/\/www.ticmais.pt\/index.php?rest_route=\/wp\/v2\/posts\/3516","targetHints":{"allow":["GET"]}}],"collection":[{"href":"https:\/\/www.ticmais.pt\/index.php?rest_route=\/wp\/v2\/posts"}],"about":[{"href":"https:\/\/www.ticmais.pt\/index.php?rest_route=\/wp\/v2\/types\/post"}],"author":[{"embeddable":true,"href":"https:\/\/www.ticmais.pt\/index.php?rest_route=\/wp\/v2\/users\/1"}],"replies":[{"embeddable":true,"href":"https:\/\/www.ticmais.pt\/index.php?rest_route=%2Fwp%2Fv2%2Fcomments&post=3516"}],"version-history":[{"count":0,"href":"https:\/\/www.ticmais.pt\/index.php?rest_route=\/wp\/v2\/posts\/3516\/revisions"}],"wp:attachment":[{"href":"https:\/\/www.ticmais.pt\/index.php?rest_route=%2Fwp%2Fv2%2Fmedia&parent=3516"}],"wp:term":[{"taxonomy":"category","embeddable":true,"href":"https:\/\/www.ticmais.pt\/index.php?rest_route=%2Fwp%2Fv2%2Fcategories&post=3516"},{"taxonomy":"post_tag","embeddable":true,"href":"https:\/\/www.ticmais.pt\/index.php?rest_route=%2Fwp%2Fv2%2Ftags&post=3516"}],"curies":[{"name":"wp","href":"https:\/\/api.w.org\/{rel}","templated":true}]}}