{"id":3530,"date":"2011-02-07T14:01:44","date_gmt":"2011-02-07T13:01:44","guid":{"rendered":"http:\/\/www.ticmais.pt\/?p=3530"},"modified":"2011-02-07T14:01:44","modified_gmt":"2011-02-07T13:01:44","slug":"pt-comprou-divida-publica-para-pagar-fundo-de-pensoes","status":"publish","type":"post","link":"https:\/\/www.ticmais.pt\/?p=3530","title":{"rendered":"PT comprou d\u00edvida p\u00fablica para pagar fundo de pens\u00f5es"},"content":{"rendered":"<table style=\"width: 100%;\" border=\"0\" cellspacing=\"5\" cellpadding=\"5\" align=\"justify\">\n<tbody>\n<tr>\n<td width=\"160\" valign=\"top\">\n<p><img decoding=\"async\" src=\"\/\/www.ticmais.pt\/ticmais\/imagens\/PT%20comprou%20divida%20publica%20para%20pagar%20fundo%20de%20pensoes.jpg\" alt=\"\" \/><\/p>\n<\/td>\n<td valign=\"top\">\n<p style=\"text-align: justify;\">A Portugal Telecom recorreu \u00e0 compra de d\u00edvida p\u00fablica para pagar uma parte significativa do valor acordado com o Estado, na transmiss\u00e3o das obriga\u00e7\u00f5es do seu fundo de pens\u00f5es. A informa\u00e7\u00e3o \u00e9 avan\u00e7ada na edi\u00e7\u00e3o desta manh\u00e3 do jornal i. <a href=\"http:\/\/tek.sapo.pt\/noticias\/negocios\/pt_comprou_divida_publica_para_pagar_fundo_de_1127967.html\" target=\"_blank\">Mais&#8230;<br \/>\n<\/a><\/p>\n<\/td>\n<\/tr>\n<\/tbody>\n<\/table>\n<p><br class=\"spacer_\" \/><\/p>\n","protected":false},"excerpt":{"rendered":"<p>A Portugal Telecom recorreu \u00e0 compra de d\u00edvida p\u00fablica para pagar uma parte significativa do valor acordado com o Estado, na transmiss\u00e3o das obriga\u00e7\u00f5es do seu fundo de pens\u00f5es. A informa\u00e7\u00e3o \u00e9 avan\u00e7ada na edi\u00e7\u00e3o desta manh\u00e3 do jornal i. Mais&#8230;<\/p>\n","protected":false},"author":1,"featured_media":0,"comment_status":"closed","ping_status":"closed","sticky":false,"template":"","format":"standard","meta":{"footnotes":""},"categories":[15],"tags":[1674,376],"class_list":["post-3530","post","type-post","status-publish","format-standard","hentry","category-tic-mais","tag-divida-publica","tag-portugal-telecom"],"_links":{"self":[{"href":"https:\/\/www.ticmais.pt\/index.php?rest_route=\/wp\/v2\/posts\/3530","targetHints":{"allow":["GET"]}}],"collection":[{"href":"https:\/\/www.ticmais.pt\/index.php?rest_route=\/wp\/v2\/posts"}],"about":[{"href":"https:\/\/www.ticmais.pt\/index.php?rest_route=\/wp\/v2\/types\/post"}],"author":[{"embeddable":true,"href":"https:\/\/www.ticmais.pt\/index.php?rest_route=\/wp\/v2\/users\/1"}],"replies":[{"embeddable":true,"href":"https:\/\/www.ticmais.pt\/index.php?rest_route=%2Fwp%2Fv2%2Fcomments&post=3530"}],"version-history":[{"count":0,"href":"https:\/\/www.ticmais.pt\/index.php?rest_route=\/wp\/v2\/posts\/3530\/revisions"}],"wp:attachment":[{"href":"https:\/\/www.ticmais.pt\/index.php?rest_route=%2Fwp%2Fv2%2Fmedia&parent=3530"}],"wp:term":[{"taxonomy":"category","embeddable":true,"href":"https:\/\/www.ticmais.pt\/index.php?rest_route=%2Fwp%2Fv2%2Fcategories&post=3530"},{"taxonomy":"post_tag","embeddable":true,"href":"https:\/\/www.ticmais.pt\/index.php?rest_route=%2Fwp%2Fv2%2Ftags&post=3530"}],"curies":[{"name":"wp","href":"https:\/\/api.w.org\/{rel}","templated":true}]}}