{"id":3533,"date":"2011-02-08T13:25:46","date_gmt":"2011-02-08T12:25:46","guid":{"rendered":"http:\/\/www.ticmais.pt\/?p=3533"},"modified":"2011-02-08T13:25:46","modified_gmt":"2011-02-08T12:25:46","slug":"dia-8-de-fevereiro-e-dia-da-internet-segura","status":"publish","type":"post","link":"https:\/\/www.ticmais.pt\/?p=3533","title":{"rendered":"Dia 8 de Fevereiro \u00e9 Dia da Internet Segura"},"content":{"rendered":"<table style=\"width: 100%;\" border=\"0\" cellspacing=\"5\" cellpadding=\"5\" align=\"justify\">\n<tbody>\n<tr>\n<td width=\"160\" valign=\"top\">\n<p><img decoding=\"async\" src=\"\/\/www.ticmais.pt\/ticmais\/imagens\/Dia%208%20de%20Fevereiro%20e%20Dia%20da%20Internet%20Segura.jpg\" alt=\"\" \/><\/p>\n<\/td>\n<td valign=\"top\">\n<p style=\"text-align: justify;\">Cada vez mais o tema da inseguran\u00e7a e falta de privacidade online, s\u00e3o um assunto em destaque. Assim, de forma a prevenir perigos na Internet, o dia 8 de Fevereiro de 2011 comemora mais um dia Mundial da Internet Segura, e a organiza\u00e7\u00e3o Safer Internet Day est\u00e1 j\u00e1 a preparar um evento para de sensibiliza\u00e7\u00e3o a este assunto que \u00e9, pertinente a uma sociedade, cada vez mais, digital. <a href=\"http:\/\/pplware.sapo.pt\/informacao\/dia-8-de-fevereiro-e-dia-da-internet-segura\/\" target=\"_blank\">Mais&#8230;<br \/>\n<\/a>\u00a0<\/p>\n<\/td>\n<\/tr>\n<\/tbody>\n<\/table>\n<p><br class=\"spacer_\" \/><\/p>\n","protected":false},"excerpt":{"rendered":"<p>Cada vez mais o tema da inseguran\u00e7a e falta de privacidade online, s\u00e3o um assunto em destaque. Assim, de forma a prevenir perigos na Internet, o dia 8 de Fevereiro de 2011 comemora mais um dia Mundial da Internet Segura, e a organiza\u00e7\u00e3o Safer Internet Day est\u00e1 j\u00e1 a preparar um evento para de sensibiliza\u00e7\u00e3o [&hellip;]<\/p>\n","protected":false},"author":1,"featured_media":0,"comment_status":"closed","ping_status":"closed","sticky":false,"template":"","format":"standard","meta":{"footnotes":""},"categories":[15],"tags":[787,1678],"class_list":["post-3533","post","type-post","status-publish","format-standard","hentry","category-tic-mais","tag-internet-segura","tag-safer-internet-day"],"_links":{"self":[{"href":"https:\/\/www.ticmais.pt\/index.php?rest_route=\/wp\/v2\/posts\/3533","targetHints":{"allow":["GET"]}}],"collection":[{"href":"https:\/\/www.ticmais.pt\/index.php?rest_route=\/wp\/v2\/posts"}],"about":[{"href":"https:\/\/www.ticmais.pt\/index.php?rest_route=\/wp\/v2\/types\/post"}],"author":[{"embeddable":true,"href":"https:\/\/www.ticmais.pt\/index.php?rest_route=\/wp\/v2\/users\/1"}],"replies":[{"embeddable":true,"href":"https:\/\/www.ticmais.pt\/index.php?rest_route=%2Fwp%2Fv2%2Fcomments&post=3533"}],"version-history":[{"count":0,"href":"https:\/\/www.ticmais.pt\/index.php?rest_route=\/wp\/v2\/posts\/3533\/revisions"}],"wp:attachment":[{"href":"https:\/\/www.ticmais.pt\/index.php?rest_route=%2Fwp%2Fv2%2Fmedia&parent=3533"}],"wp:term":[{"taxonomy":"category","embeddable":true,"href":"https:\/\/www.ticmais.pt\/index.php?rest_route=%2Fwp%2Fv2%2Fcategories&post=3533"},{"taxonomy":"post_tag","embeddable":true,"href":"https:\/\/www.ticmais.pt\/index.php?rest_route=%2Fwp%2Fv2%2Ftags&post=3533"}],"curies":[{"name":"wp","href":"https:\/\/api.w.org\/{rel}","templated":true}]}}