{"id":3536,"date":"2011-02-09T02:41:32","date_gmt":"2011-02-09T02:41:32","guid":{"rendered":"http:\/\/www.ticmais.pt\/?p=3536"},"modified":"2011-02-09T02:41:32","modified_gmt":"2011-02-09T02:41:32","slug":"vem-ai-carregador-universal-compativel-com-todos-os-telemoveis","status":"publish","type":"post","link":"https:\/\/www.ticmais.pt\/?p=3536","title":{"rendered":"O carregador \u00fanico para telem\u00f3veis est\u00e1 a chegar \u00e0 Europa"},"content":{"rendered":"<table style=\"width: 100%;\" border=\"0\" cellspacing=\"5\" cellpadding=\"5\" align=\"justify\">\n<tbody>\n<tr>\n<td width=\"160\" valign=\"top\">\n<p><img decoding=\"async\" src=\"\/\/www.ticmais.pt\/ticmais\/imagens\/O%20carregador%20unico%20para%20telemoveis%20esta%20a%20chegar%20a%20Europa.jpg\" alt=\"\" \/><\/p>\n<\/td>\n<td valign=\"top\">\n<p style=\"text-align: justify;\">J\u00e1 aconteceu a toda a gente: estamos no escrit\u00f3rio, o telem\u00f3vel apita continuamente avisando que a bateria precisa de ser recarregada, e n\u00e3o h\u00e1 ningu\u00e9m que nos valha. Cada marca (e, muitas vezes, diferentes modelos da mesma marca) de telem\u00f3veis usa o seu pr\u00f3prio carregador. Soube-se hoje, por\u00e9m, que estes dias de incompatibilidade est\u00e3o para acabar. <a href=\"http:\/\/www.publico.pt\/Tecnologia\/o-carregador-unico-para-telemoveis-esta-a-chegar-a-europa_1479224\" target=\"_blank\">Mais&#8230;<\/a><\/p>\n<\/td>\n<\/tr>\n<\/tbody>\n<\/table>\n<p style=\"text-align: justify;\"><br class=\"spacer_\" \/><\/p>\n","protected":false},"excerpt":{"rendered":"<p>J\u00e1 aconteceu a toda a gente: estamos no escrit\u00f3rio, o telem\u00f3vel apita continuamente avisando que a bateria precisa de ser recarregada, e n\u00e3o h\u00e1 ningu\u00e9m que nos valha. Cada marca (e, muitas vezes, diferentes modelos da mesma marca) de telem\u00f3veis usa o seu pr\u00f3prio carregador. Soube-se hoje, por\u00e9m, que estes dias de incompatibilidade est\u00e3o para [&hellip;]<\/p>\n","protected":false},"author":1,"featured_media":0,"comment_status":"closed","ping_status":"closed","sticky":false,"template":"","format":"standard","meta":{"footnotes":""},"categories":[15],"tags":[332,87,88],"class_list":["post-3536","post","type-post","status-publish","format-standard","hentry","category-tic-mais","tag-carregadores","tag-smartphones","tag-telemoveis"],"_links":{"self":[{"href":"https:\/\/www.ticmais.pt\/index.php?rest_route=\/wp\/v2\/posts\/3536","targetHints":{"allow":["GET"]}}],"collection":[{"href":"https:\/\/www.ticmais.pt\/index.php?rest_route=\/wp\/v2\/posts"}],"about":[{"href":"https:\/\/www.ticmais.pt\/index.php?rest_route=\/wp\/v2\/types\/post"}],"author":[{"embeddable":true,"href":"https:\/\/www.ticmais.pt\/index.php?rest_route=\/wp\/v2\/users\/1"}],"replies":[{"embeddable":true,"href":"https:\/\/www.ticmais.pt\/index.php?rest_route=%2Fwp%2Fv2%2Fcomments&post=3536"}],"version-history":[{"count":0,"href":"https:\/\/www.ticmais.pt\/index.php?rest_route=\/wp\/v2\/posts\/3536\/revisions"}],"wp:attachment":[{"href":"https:\/\/www.ticmais.pt\/index.php?rest_route=%2Fwp%2Fv2%2Fmedia&parent=3536"}],"wp:term":[{"taxonomy":"category","embeddable":true,"href":"https:\/\/www.ticmais.pt\/index.php?rest_route=%2Fwp%2Fv2%2Fcategories&post=3536"},{"taxonomy":"post_tag","embeddable":true,"href":"https:\/\/www.ticmais.pt\/index.php?rest_route=%2Fwp%2Fv2%2Ftags&post=3536"}],"curies":[{"name":"wp","href":"https:\/\/api.w.org\/{rel}","templated":true}]}}