{"id":354,"date":"2007-01-22T00:55:17","date_gmt":"2007-01-22T00:55:17","guid":{"rendered":"http:\/\/www.ticmais.pt\/index.php\/2007\/01\/22\/cursos-tecnico-profissionais-na-area-das-energias-renovaveis-sao-necessarios\/"},"modified":"2020-02-24T02:19:49","modified_gmt":"2020-02-24T01:19:49","slug":"cursos-tecnico-profissionais-na-area-das-energias-renovaveis-sao-necessarios","status":"publish","type":"post","link":"https:\/\/www.ticmais.pt\/?p=354","title":{"rendered":"Cursos t\u00e9cnico-profissionais na \u00e1rea das energias renov\u00e1veis s\u00e3o necess\u00e1rios"},"content":{"rendered":"<table style=\"width: 100%;\" border=\"0\" cellspacing=\"5\" cellpadding=\"5\">\n<tbody>\n<tr>\n<td valign=\"top\" width=\"160\"><img loading=\"lazy\" decoding=\"async\" src=\"\/\/www.ticmais.pt\/ticmais\/imagens\/cursos-tecnico-profissionais-na-area-das-energias-renovaveis-sao-necessarios1.jpg\" alt=\"\" width=\"160\" height=\"120\" border=\"0\" \/><\/td>\n<td style=\"text-align: justify;\" rowspan=\"2\" valign=\"top\">O facto de termos em Coruche uma empresa com a din\u00e2mica da TEGAEL, que j\u00e1 aderiu ao Cluster industrial cons\u00f3rcio E\u00f3licas de Portugal, dever\u00e1 merecer das Entidades com responsabilidades pelo ensino T\u00e9cnico-profissional, uma aten\u00e7\u00e3o especial, analizando a possibilidade de cria\u00e7\u00e3o de cursos nesta \u00e1rea t\u00e3o promissora.<\/p>\n<div style=\"text-align: justify;\">Veja o que o que diz o Director Geral da Tegael, \u00e0 Revista Prime Neg\u00f3cios, sobre o recrutamento de Recursos Humanos:<\/div>\n<\/td>\n<\/tr>\n<tr>\n<td valign=\"top\"><img loading=\"lazy\" decoding=\"async\" src=\"\/\/www.ticmais.pt\/ticmais\/imagens\/cursos-tecnico-profissionais-na-area-das-energias-renovaveis-sao-necessarios2.jpg\" alt=\"\" width=\"160\" height=\"109\" border=\"0\" \/><\/td>\n<\/tr>\n<\/tbody>\n<\/table>\n<div><!--more--><\/div>\n<table style=\"width: 100%;\" border=\"0\" cellspacing=\"5\" cellpadding=\"5\">\n<tbody>\n<tr>\n<td colspan=\"2\" valign=\"top\"><span style=\"color: #990000;\">&#8220;PN \u2013 Qual o montante de investimento, n\u00famero de novos postos de trabalho e o aumento de VAB previsto?<br \/>\n<\/span><br \/>\nMNC \u2013 O VAB ser\u00e1 superior a 10 milh\u00f5es de euros a realizar entre 2008 e 2013 e VAB induzido em sub fornecedores \u00e9 de 8,7 milh\u00f5es de euros. Ser\u00e3o criados 35 novos postos de trabalho directos e 12 indirectos.<\/p>\n<div style=\"text-align: justify;\">Constitu\u00eddo, maioritariamente, por pessoal t\u00e9cnico com forma\u00e7\u00e3o acad\u00e9mica superior e pessoal de campo de enquadramento, electricistas de Redes de MT\/AT, serralheiros, montadores e pessoal indiferenciado. Para estes novos colaboradores est\u00e3o j\u00e1 previstos Planos de Forma\u00e7\u00e3o adequados que ser\u00e3o implementados em antecipa\u00e7\u00e3o \u00e0 sua entrada em obra de forma a corresponder \u00e0s nossas pr\u00f3prias expectativas de sucesso.<\/div>\n<div style=\"text-align: justify;\"><span style=\"color: #990000;\">PN \u2013 Como responde a TEGAEL em mat\u00e9ria de recursos humanos a estes projectos, ao n\u00edvel t\u00e9cnico e profissional, quer no pa\u00eds e no estrangeiro?<\/span><\/div>\n<div style=\"text-align: justify;\">MNC \u2013 Atrav\u00e9s da admiss\u00e3o de RHs jovens recrutados localmente que ap\u00f3s forma\u00e7\u00e3o e treino adequados s\u00e3o mais tarde enquadrados por pessoal especializado.&#8221;<\/div>\n<\/td>\n<\/tr>\n<tr>\n<td colspan=\"2\"><img decoding=\"async\" src=\"\/\/www.ticmais.pt\/ticmais\/imagens\/Coruche,Antonio Pinheiro da Costa,TicMAIS,Cantanhede,Cidadania, Movimento.png\" alt=\"\" \/><\/td>\n<\/tr>\n<tr>\n<td colspan=\"2\"><a href=\"https:\/\/www.ticmais.pt\/\"><span style=\"color: #800000;\"><img decoding=\"async\" src=\"\/\/www.ticmais.pt\/ticmais\/imagens\/Coruche, TicMAIS, Antonio Pinheiro da Costa, Movimento de Cidadania, Cantanhede.png\" alt=\"\" \/><\/span><\/a><\/td>\n<\/tr>\n<\/tbody>\n<\/table>\n","protected":false},"excerpt":{"rendered":"<p>O facto de termos em Coruche uma empresa com a din\u00e2mica da TEGAEL, que j\u00e1 aderiu ao Cluster industrial cons\u00f3rcio E\u00f3licas de Portugal, dever\u00e1 merecer das Entidades com responsabilidades pelo ensino T\u00e9cnico-profissional, uma aten\u00e7\u00e3o especial, analizando a possibilidade de cria\u00e7\u00e3o de cursos nesta \u00e1rea t\u00e3o promissora. Veja o que o que diz o Director Geral [&hellip;]<\/p>\n","protected":false},"author":1,"featured_media":0,"comment_status":"open","ping_status":"open","sticky":false,"template":"","format":"standard","meta":{"footnotes":""},"categories":[15],"tags":[24,2,3,4,5,6,25,26,10,11,12,18,13,27,28,16],"class_list":["post-354","post","type-post","status-publish","format-standard","hentry","category-tic-mais","tag-ambiente","tag-antonio-pinheiro-da-costa","tag-camara-municipal-de-coruche","tag-cantanhede","tag-cidadania","tag-coruche","tag-ecologia-e-desenvolvimento-sustentavel","tag-energias-renovaveis","tag-movimentos-civicos","tag-movimento-de-cidadania","tag-municipios","tag-plano-tecnologico","tag-poder-local","tag-tecnico-e-profissional","tag-tecnologia","tag-ticmais"],"_links":{"self":[{"href":"https:\/\/www.ticmais.pt\/index.php?rest_route=\/wp\/v2\/posts\/354","targetHints":{"allow":["GET"]}}],"collection":[{"href":"https:\/\/www.ticmais.pt\/index.php?rest_route=\/wp\/v2\/posts"}],"about":[{"href":"https:\/\/www.ticmais.pt\/index.php?rest_route=\/wp\/v2\/types\/post"}],"author":[{"embeddable":true,"href":"https:\/\/www.ticmais.pt\/index.php?rest_route=\/wp\/v2\/users\/1"}],"replies":[{"embeddable":true,"href":"https:\/\/www.ticmais.pt\/index.php?rest_route=%2Fwp%2Fv2%2Fcomments&post=354"}],"version-history":[{"count":0,"href":"https:\/\/www.ticmais.pt\/index.php?rest_route=\/wp\/v2\/posts\/354\/revisions"}],"wp:attachment":[{"href":"https:\/\/www.ticmais.pt\/index.php?rest_route=%2Fwp%2Fv2%2Fmedia&parent=354"}],"wp:term":[{"taxonomy":"category","embeddable":true,"href":"https:\/\/www.ticmais.pt\/index.php?rest_route=%2Fwp%2Fv2%2Fcategories&post=354"},{"taxonomy":"post_tag","embeddable":true,"href":"https:\/\/www.ticmais.pt\/index.php?rest_route=%2Fwp%2Fv2%2Ftags&post=354"}],"curies":[{"name":"wp","href":"https:\/\/api.w.org\/{rel}","templated":true}]}}