{"id":3547,"date":"2011-02-11T13:43:07","date_gmt":"2011-02-11T13:43:07","guid":{"rendered":"http:\/\/www.ticmais.pt\/?p=3547"},"modified":"2011-02-11T13:43:07","modified_gmt":"2011-02-11T13:43:07","slug":"falhas-nas-eleicoes-nao-foram-so-culpa-do-sistema-informatico","status":"publish","type":"post","link":"https:\/\/www.ticmais.pt\/?p=3547","title":{"rendered":"Falhas nas elei\u00e7\u00f5es n\u00e3o foram s\u00f3 culpa do sistema inform\u00e1tico"},"content":{"rendered":"<table style=\"width: 100%;\" border=\"0\" cellspacing=\"5\" cellpadding=\"5\" align=\"justify\">\n<tbody>\n<tr>\n<td width=\"160\" valign=\"top\">\n<p><img decoding=\"async\" src=\"\/\/www.ticmais.pt\/ticmais\/imagens\/Falhas%20nas%20eleicoes%20nao%20foram%20so%20culpa%20do%20sistema%20informatico.jpg\" alt=\"\" \/><\/p>\n<\/td>\n<td valign=\"top\">\n<p style=\"text-align: justify;\">O sistema sofreu uma sobrecarga por n\u00e3o ter acessos diferenciados para o p\u00fablico e juntas de freguesias, mas a falta de aviso e informa\u00e7\u00e3o dos eleitores tamb\u00e9m contribu\u00edram, apurou o inqu\u00e9rito &#8211; que defende ainda o fim do n\u00famero de eleitor. <a href=\"http:\/\/tek.sapo.pt\/noticias\/telecomunicacoes\/falhas_nas_eleicoes_nao_foram_so_culpa_do_sis_1129100.html\" target=\"_blank\">Mais&#8230;<\/a><\/p>\n<\/td>\n<\/tr>\n<\/tbody>\n<\/table>\n<p style=\"text-align: justify;\"><br class=\"spacer_\" \/><\/p>\n","protected":false},"excerpt":{"rendered":"<p>O sistema sofreu uma sobrecarga por n\u00e3o ter acessos diferenciados para o p\u00fablico e juntas de freguesias, mas a falta de aviso e informa\u00e7\u00e3o dos eleitores tamb\u00e9m contribu\u00edram, apurou o inqu\u00e9rito &#8211; que defende ainda o fim do n\u00famero de eleitor. Mais&#8230;<\/p>\n","protected":false},"author":1,"featured_media":0,"comment_status":"closed","ping_status":"closed","sticky":false,"template":"","format":"standard","meta":{"footnotes":""},"categories":[15],"tags":[188,1327,1248,1572],"class_list":["post-3547","post","type-post","status-publish","format-standard","hentry","category-tic-mais","tag-eleicoes","tag-falha","tag-inquerito","tag-sistema-informatico"],"_links":{"self":[{"href":"https:\/\/www.ticmais.pt\/index.php?rest_route=\/wp\/v2\/posts\/3547","targetHints":{"allow":["GET"]}}],"collection":[{"href":"https:\/\/www.ticmais.pt\/index.php?rest_route=\/wp\/v2\/posts"}],"about":[{"href":"https:\/\/www.ticmais.pt\/index.php?rest_route=\/wp\/v2\/types\/post"}],"author":[{"embeddable":true,"href":"https:\/\/www.ticmais.pt\/index.php?rest_route=\/wp\/v2\/users\/1"}],"replies":[{"embeddable":true,"href":"https:\/\/www.ticmais.pt\/index.php?rest_route=%2Fwp%2Fv2%2Fcomments&post=3547"}],"version-history":[{"count":0,"href":"https:\/\/www.ticmais.pt\/index.php?rest_route=\/wp\/v2\/posts\/3547\/revisions"}],"wp:attachment":[{"href":"https:\/\/www.ticmais.pt\/index.php?rest_route=%2Fwp%2Fv2%2Fmedia&parent=3547"}],"wp:term":[{"taxonomy":"category","embeddable":true,"href":"https:\/\/www.ticmais.pt\/index.php?rest_route=%2Fwp%2Fv2%2Fcategories&post=3547"},{"taxonomy":"post_tag","embeddable":true,"href":"https:\/\/www.ticmais.pt\/index.php?rest_route=%2Fwp%2Fv2%2Ftags&post=3547"}],"curies":[{"name":"wp","href":"https:\/\/api.w.org\/{rel}","templated":true}]}}