{"id":3550,"date":"2011-02-11T15:58:31","date_gmt":"2011-02-11T15:58:31","guid":{"rendered":"http:\/\/www.ticmais.pt\/?p=3550"},"modified":"2011-02-11T15:58:31","modified_gmt":"2011-02-11T15:58:31","slug":"nokia-e-microsoft-confirmam-parceria-para-enfrentar-apple-e-google","status":"publish","type":"post","link":"https:\/\/www.ticmais.pt\/?p=3550","title":{"rendered":"Nokia e sua nova estrutura operacional, ap\u00f3s o an\u00fancio de hoje"},"content":{"rendered":"<table style=\"width: 100%;\" border=\"0\" cellspacing=\"5\" cellpadding=\"5\" align=\"justify\">\n<tbody>\n<tr>\n<td width=\"160\" valign=\"top\">\n<p><img decoding=\"async\" src=\"\/\/www.ticmais.pt\/ticmais\/imagens\/Nokia%20e%20sua%20nova%20estrutura%20operacional%20apos%20o%20anuncio%20de%20hoje.jpg\" alt=\"\" \/><\/p>\n<\/td>\n<td valign=\"top\">\n<p style=\"text-align: justify;\">A Nokia anuncia hoje seu novo direcionamento estrat\u00e9gico, que inclui mudan\u00e7as em seu time de executivos l\u00edderes e na estrutura operacional. O objetivo \u00e9 acelerar os processos da empresa para se adaptar ao ambiente cada vez mais competitivo em que se encontra. <a href=\"http:\/\/targethd.net\/2011\/02\/11\/nokia-e-sua-nova-estrutura-operacional-apos-o-anuncio-de-hoje\/\" target=\"_blank\">Mais&#8230;<\/a><\/p>\n<p style=\"text-align: justify;\"><strong>Not\u00edcias relacionadas:<br \/>\n<\/strong><a href=\"http:\/\/www.gizmodo.com.br\/conteudo\/mais-de-mil-funcionarios-da-nokia-marcham-em-protesto\/\" target=\"_blank\">Mais de mil funcion\u00e1rios da Nokia marcham em protesto<br \/>\n<\/a><\/p>\n<\/td>\n<\/tr>\n<\/tbody>\n<\/table>\n<p style=\"text-align: justify;\"><br class=\"spacer_\" \/><\/p>\n","protected":false},"excerpt":{"rendered":"<p>A Nokia anuncia hoje seu novo direcionamento estrat\u00e9gico, que inclui mudan\u00e7as em seu time de executivos l\u00edderes e na estrutura operacional. O objetivo \u00e9 acelerar os processos da empresa para se adaptar ao ambiente cada vez mais competitivo em que se encontra. Mais&#8230; Not\u00edcias relacionadas: Mais de mil funcion\u00e1rios da Nokia marcham em protesto<\/p>\n","protected":false},"author":1,"featured_media":0,"comment_status":"closed","ping_status":"closed","sticky":false,"template":"","format":"standard","meta":{"footnotes":""},"categories":[15],"tags":[73,114,452],"class_list":["post-3550","post","type-post","status-publish","format-standard","hentry","category-tic-mais","tag-microsoft","tag-nokia","tag-windows-phone"],"_links":{"self":[{"href":"https:\/\/www.ticmais.pt\/index.php?rest_route=\/wp\/v2\/posts\/3550","targetHints":{"allow":["GET"]}}],"collection":[{"href":"https:\/\/www.ticmais.pt\/index.php?rest_route=\/wp\/v2\/posts"}],"about":[{"href":"https:\/\/www.ticmais.pt\/index.php?rest_route=\/wp\/v2\/types\/post"}],"author":[{"embeddable":true,"href":"https:\/\/www.ticmais.pt\/index.php?rest_route=\/wp\/v2\/users\/1"}],"replies":[{"embeddable":true,"href":"https:\/\/www.ticmais.pt\/index.php?rest_route=%2Fwp%2Fv2%2Fcomments&post=3550"}],"version-history":[{"count":0,"href":"https:\/\/www.ticmais.pt\/index.php?rest_route=\/wp\/v2\/posts\/3550\/revisions"}],"wp:attachment":[{"href":"https:\/\/www.ticmais.pt\/index.php?rest_route=%2Fwp%2Fv2%2Fmedia&parent=3550"}],"wp:term":[{"taxonomy":"category","embeddable":true,"href":"https:\/\/www.ticmais.pt\/index.php?rest_route=%2Fwp%2Fv2%2Fcategories&post=3550"},{"taxonomy":"post_tag","embeddable":true,"href":"https:\/\/www.ticmais.pt\/index.php?rest_route=%2Fwp%2Fv2%2Ftags&post=3550"}],"curies":[{"name":"wp","href":"https:\/\/api.w.org\/{rel}","templated":true}]}}