{"id":3553,"date":"2011-02-11T18:00:51","date_gmt":"2011-02-11T18:00:51","guid":{"rendered":"http:\/\/www.ticmais.pt\/?p=3553"},"modified":"2011-02-11T18:00:51","modified_gmt":"2011-02-11T18:00:51","slug":"plataforma-para-matriculas-electronicas-atrasada","status":"publish","type":"post","link":"https:\/\/www.ticmais.pt\/?p=3553","title":{"rendered":"Plataforma para matr\u00edculas electr\u00f3nicas atrasada"},"content":{"rendered":"<table style=\"width: 100%;\" border=\"0\" cellspacing=\"5\" cellpadding=\"5\" align=\"justify\">\n<tbody>\n<tr>\n<td width=\"160\" valign=\"top\">\n<p><img decoding=\"async\" src=\"\/\/www.ticmais.pt\/ticmais\/imagens\/Plataforma%20para%20matriculas%20electronicas%20atrasada.jpg\" alt=\"\" \/><\/p>\n<\/td>\n<td valign=\"top\">\n<p>As matr\u00edculas para o pr\u00f3ximo ano lectivo deveriam ter arrancado em Janeiro e com uma nova possibilidade: a inscri\u00e7\u00e3o online para alunos do 1\u00ba ciclo do ensino b\u00e1sico. A data n\u00e3o se cumpriu porque a plataforma est\u00e1 atrasada. <a href=\"http:\/\/tek.sapo.pt\/noticias\/internet\/plataforma_para_matriculas_electronicas_atras_1129224.html\" target=\"_blank\">Mais&#8230;<\/a><\/p>\n<p><br class=\"spacer_\" \/><\/p>\n<\/td>\n<\/tr>\n<\/tbody>\n<\/table>\n<p><br class=\"spacer_\" \/><\/p>\n","protected":false},"excerpt":{"rendered":"<p>As matr\u00edculas para o pr\u00f3ximo ano lectivo deveriam ter arrancado em Janeiro e com uma nova possibilidade: a inscri\u00e7\u00e3o online para alunos do 1\u00ba ciclo do ensino b\u00e1sico. A data n\u00e3o se cumpriu porque a plataforma est\u00e1 atrasada. Mais&#8230;<\/p>\n","protected":false},"author":1,"featured_media":0,"comment_status":"closed","ping_status":"closed","sticky":false,"template":"","format":"standard","meta":{"footnotes":""},"categories":[15],"tags":[1691,20,438,1692,654,333],"class_list":["post-3553","post","type-post","status-publish","format-standard","hentry","category-tic-mais","tag-1-ciclo","tag-ensino","tag-escolas","tag-matriculas","tag-online","tag-plataformas"],"_links":{"self":[{"href":"https:\/\/www.ticmais.pt\/index.php?rest_route=\/wp\/v2\/posts\/3553","targetHints":{"allow":["GET"]}}],"collection":[{"href":"https:\/\/www.ticmais.pt\/index.php?rest_route=\/wp\/v2\/posts"}],"about":[{"href":"https:\/\/www.ticmais.pt\/index.php?rest_route=\/wp\/v2\/types\/post"}],"author":[{"embeddable":true,"href":"https:\/\/www.ticmais.pt\/index.php?rest_route=\/wp\/v2\/users\/1"}],"replies":[{"embeddable":true,"href":"https:\/\/www.ticmais.pt\/index.php?rest_route=%2Fwp%2Fv2%2Fcomments&post=3553"}],"version-history":[{"count":0,"href":"https:\/\/www.ticmais.pt\/index.php?rest_route=\/wp\/v2\/posts\/3553\/revisions"}],"wp:attachment":[{"href":"https:\/\/www.ticmais.pt\/index.php?rest_route=%2Fwp%2Fv2%2Fmedia&parent=3553"}],"wp:term":[{"taxonomy":"category","embeddable":true,"href":"https:\/\/www.ticmais.pt\/index.php?rest_route=%2Fwp%2Fv2%2Fcategories&post=3553"},{"taxonomy":"post_tag","embeddable":true,"href":"https:\/\/www.ticmais.pt\/index.php?rest_route=%2Fwp%2Fv2%2Ftags&post=3553"}],"curies":[{"name":"wp","href":"https:\/\/api.w.org\/{rel}","templated":true}]}}