{"id":3584,"date":"2011-02-14T10:00:02","date_gmt":"2011-02-14T10:00:02","guid":{"rendered":"http:\/\/www.ticmais.pt\/?p=3584"},"modified":"2011-02-14T10:00:02","modified_gmt":"2011-02-14T10:00:02","slug":"mwc-2011-mostra-as-mais-modernas-tecnologias-moveis","status":"publish","type":"post","link":"https:\/\/www.ticmais.pt\/?p=3584","title":{"rendered":"Telem\u00f3veis e Tablets fazem mover Barcelona"},"content":{"rendered":"<table style=\"width: 100%;\" border=\"0\" cellspacing=\"5\" cellpadding=\"5\" align=\"justify\">\n<tbody>\n<tr>\n<td valign=\"top\" width=\"160\"><img decoding=\"async\" src=\"\/\/www.ticmais.pt\/ticmais\/imagens\/Telemoveis%20e%20Tablets%20fazem%20mover%20Barcelona.png\" alt=\"\" \/><\/td>\n<td valign=\"top\">\n<p style=\"text-align: justify;\">\u00a0O <a href=\"http:\/\/www.mobileworldcongress.com\/\" target=\"_blank\">Mobile World Congress 2011 <\/a>s\u00f3 abriu hoje as portas mas as novidades de v\u00e1rias marcas come\u00e7aram a chegar em antecipa\u00e7\u00e3o, prometendo novos produtos que chegam \u00e0s lojas nos pr\u00f3ximos meses. <a href=\"http:\/\/tek.sapo.pt\/extras\/montra\/montra_tek_telemoveis_e_tablets_fazem_mover_b_1129845.html\" target=\"_blank\">Mais&#8230;<\/a><\/p>\n<p><strong>Not\u00edcias relacionadas:<br \/>\n<\/strong><a href=\"http:\/\/abertoatedemadrugada.com\/2011\/02\/samsung-galaxy-tab-de-101.html\" target=\"_blank\">Samsung Galaxy Tab de 10.1&#8243;<br \/>\n<\/a><a href=\"http:\/\/targethd.net\/2011\/02\/13\/intel-mostra-um-telefone-e-um-tablet-meego-na-publicidade-da-mwc-2011\/\" target=\"_blank\">Intel mostra um telefone e um tablet MeeGo<br \/>\n<\/a><a href=\"http:\/\/targethd.net\/2011\/02\/13\/sony-ericsson-xperia-neo-apresentado-oficialmente-mwc-2011\/\" target=\"_blank\">Sony Ericsson Xperia Neo apresentado oficialmente<br \/>\n<\/a><a href=\"http:\/\/targethd.net\/2011\/02\/13\/sony-ericsson-xperia-pro-e-apresentado-oficialmente-mwc2011\/\" target=\"_blank\">Sony Ericsson Xperia Pro \u00e9 apresentado oficialmente<br \/>\n<\/a><a href=\"http:\/\/targethd.net\/2011\/02\/13\/sony-ericsson-xperia-play-e-anunciado-oficialmente-mwc-2011\/\" target=\"_blank\">Sony Ericsson Xperia Play \u00e9 anunciado oficialmente<br \/>\n<\/a><a href=\"http:\/\/targethd.net\/2011\/02\/13\/samsung-galaxy-s-2-e-oficial-processador-dual-core-e-tela-de-43-super-amoled-plus-mwc-2011\/\" target=\"_blank\">Samsung Galaxy S 2 \u00e9 oficial<\/a><br \/>\n<a href=\"http:\/\/wintech.com.pt\/content\/view\/9086\/1\/\" target=\"_blank\">IE9 Mobile \u00e9 Anunciado Pela Microsoft<br \/>\n<\/a><\/td>\n<\/tr>\n<\/tbody>\n<\/table>\n<p style=\"text-align: justify;\">\n","protected":false},"excerpt":{"rendered":"<p>\u00a0O Mobile World Congress 2011 s\u00f3 abriu hoje as portas mas as novidades de v\u00e1rias marcas come\u00e7aram a chegar em antecipa\u00e7\u00e3o, prometendo novos produtos que chegam \u00e0s lojas nos pr\u00f3ximos meses. Mais&#8230; Not\u00edcias relacionadas: Samsung Galaxy Tab de 10.1&#8243; Intel mostra um telefone e um tablet MeeGo Sony Ericsson Xperia Neo apresentado oficialmente Sony Ericsson [&hellip;]<\/p>\n","protected":false},"author":1,"featured_media":0,"comment_status":"closed","ping_status":"closed","sticky":false,"template":"","format":"standard","meta":{"footnotes":""},"categories":[15],"tags":[],"class_list":["post-3584","post","type-post","status-publish","format-standard","hentry","category-tic-mais"],"_links":{"self":[{"href":"https:\/\/www.ticmais.pt\/index.php?rest_route=\/wp\/v2\/posts\/3584","targetHints":{"allow":["GET"]}}],"collection":[{"href":"https:\/\/www.ticmais.pt\/index.php?rest_route=\/wp\/v2\/posts"}],"about":[{"href":"https:\/\/www.ticmais.pt\/index.php?rest_route=\/wp\/v2\/types\/post"}],"author":[{"embeddable":true,"href":"https:\/\/www.ticmais.pt\/index.php?rest_route=\/wp\/v2\/users\/1"}],"replies":[{"embeddable":true,"href":"https:\/\/www.ticmais.pt\/index.php?rest_route=%2Fwp%2Fv2%2Fcomments&post=3584"}],"version-history":[{"count":0,"href":"https:\/\/www.ticmais.pt\/index.php?rest_route=\/wp\/v2\/posts\/3584\/revisions"}],"wp:attachment":[{"href":"https:\/\/www.ticmais.pt\/index.php?rest_route=%2Fwp%2Fv2%2Fmedia&parent=3584"}],"wp:term":[{"taxonomy":"category","embeddable":true,"href":"https:\/\/www.ticmais.pt\/index.php?rest_route=%2Fwp%2Fv2%2Fcategories&post=3584"},{"taxonomy":"post_tag","embeddable":true,"href":"https:\/\/www.ticmais.pt\/index.php?rest_route=%2Fwp%2Fv2%2Ftags&post=3584"}],"curies":[{"name":"wp","href":"https:\/\/api.w.org\/{rel}","templated":true}]}}