{"id":3598,"date":"2011-02-17T02:31:08","date_gmt":"2011-02-17T02:31:08","guid":{"rendered":"http:\/\/www.ticmais.pt\/?p=3598"},"modified":"2011-02-17T02:31:08","modified_gmt":"2011-02-17T02:31:08","slug":"siemens-escolhe-portugal-para-experiencia-com-central-solar-termoelectrica","status":"publish","type":"post","link":"https:\/\/www.ticmais.pt\/?p=3598","title":{"rendered":"Siemens escolhe Portugal para experi\u00eancia com Central Solar Termoel\u00e9ctrica"},"content":{"rendered":"<p><img decoding=\"async\" class=\"alignleft\" src=\"\/\/www.ticmais.pt\/ticmais\/imagens\/Siemens%20escolhe%20Portugal%20para%20experiencia%20com%20Central%20Solar%20Termoelectrica.jpg\" alt=\"\" \/><\/p>\n<p style=\"text-align: justify;\">A Siemens, a EDP Inova\u00e7\u00e3o e a Universidade de \u00c9vora, em parceria com o Minist\u00e9rio Alem\u00e3o do Ambiente, Conserva\u00e7\u00e3o da Natureza e Seguran\u00e7a Nuclear e outras empresas tecnol\u00f3gicas alem\u00e3s, v\u00e3o construir em Portugal um prot\u00f3tipo de central solar termoel\u00e9ctrica que funcionar\u00e1 com sal fundido como meio de transfer\u00eancia de calor. <a href=\"http:\/\/www.portal-energia.com\/siemens-escolhe-portugal-para-experiencia-com-central-solar-termoelectrica\/\" target=\"_blank\">Mais&#8230;<\/a><\/p>\n<p style=\"text-align: justify;\"><strong>Not\u00edcias relacionadas:<\/strong><br \/>\n<a href=\"http:\/\/www.ticmais.pt\/?p=354\">Cursos t\u00e9cnico-profissionais na \u00e1rea das energias renov\u00e1veis s\u00e3o necess\u00e1rios<br \/>\n<\/a><a href=\"http:\/\/www.edp.pt\/pt\/media\/noticias\/2010\/Pages\/EDPlancaconceitoinovCityemEvora.aspx\" target=\"_blank\">EDP lan\u00e7a conceito InovCity em \u00c9vora<br \/>\n<\/a><a href=\"http:\/\/www.cienciahoje.pt\/index.php?oid=47120&amp;op=all\" target=\"_blank\">U\u00c9vora vai criar Instituto Portugu\u00eas de Energia Solar<\/a><\/p>\n<p style=\"text-align: justify;\">\n<p style=\"text-align: justify;\">\n","protected":false},"excerpt":{"rendered":"<p>A Siemens, a EDP Inova\u00e7\u00e3o e a Universidade de \u00c9vora, em parceria com o Minist\u00e9rio Alem\u00e3o do Ambiente, Conserva\u00e7\u00e3o da Natureza e Seguran\u00e7a Nuclear e outras empresas tecnol\u00f3gicas alem\u00e3s, v\u00e3o construir em Portugal um prot\u00f3tipo de central solar termoel\u00e9ctrica que funcionar\u00e1 com sal fundido como meio de transfer\u00eancia de calor. Mais&#8230; Not\u00edcias relacionadas: Cursos t\u00e9cnico-profissionais [&hellip;]<\/p>\n","protected":false},"author":1,"featured_media":0,"comment_status":"closed","ping_status":"closed","sticky":false,"template":"","format":"standard","meta":{"footnotes":""},"categories":[15],"tags":[1699,586,1700],"class_list":["post-3598","post","type-post","status-publish","format-standard","hentry","category-tic-mais","tag-central-solar","tag-siemens","tag-termoelectrica"],"_links":{"self":[{"href":"https:\/\/www.ticmais.pt\/index.php?rest_route=\/wp\/v2\/posts\/3598","targetHints":{"allow":["GET"]}}],"collection":[{"href":"https:\/\/www.ticmais.pt\/index.php?rest_route=\/wp\/v2\/posts"}],"about":[{"href":"https:\/\/www.ticmais.pt\/index.php?rest_route=\/wp\/v2\/types\/post"}],"author":[{"embeddable":true,"href":"https:\/\/www.ticmais.pt\/index.php?rest_route=\/wp\/v2\/users\/1"}],"replies":[{"embeddable":true,"href":"https:\/\/www.ticmais.pt\/index.php?rest_route=%2Fwp%2Fv2%2Fcomments&post=3598"}],"version-history":[{"count":0,"href":"https:\/\/www.ticmais.pt\/index.php?rest_route=\/wp\/v2\/posts\/3598\/revisions"}],"wp:attachment":[{"href":"https:\/\/www.ticmais.pt\/index.php?rest_route=%2Fwp%2Fv2%2Fmedia&parent=3598"}],"wp:term":[{"taxonomy":"category","embeddable":true,"href":"https:\/\/www.ticmais.pt\/index.php?rest_route=%2Fwp%2Fv2%2Fcategories&post=3598"},{"taxonomy":"post_tag","embeddable":true,"href":"https:\/\/www.ticmais.pt\/index.php?rest_route=%2Fwp%2Fv2%2Ftags&post=3598"}],"curies":[{"name":"wp","href":"https:\/\/api.w.org\/{rel}","templated":true}]}}