{"id":360,"date":"2008-06-09T06:28:31","date_gmt":"2008-06-09T06:28:31","guid":{"rendered":"http:\/\/www.ticmais.pt\/index.php\/2008\/06\/09\/os-sites-das-nossas-escolas\/"},"modified":"2021-05-02T20:30:25","modified_gmt":"2021-05-02T19:30:25","slug":"os-sites-das-nossas-escolas","status":"publish","type":"post","link":"https:\/\/www.ticmais.pt\/?p=360","title":{"rendered":"Os sites das nossas escolas"},"content":{"rendered":"<table style=\"width: 100%;\" border=\"0\" cellspacing=\"5\" cellpadding=\"5\">\n<tbody>\n<tr valign=\"top\">\n<td valign=\"top\"><img loading=\"lazy\" decoding=\"async\" src=\"\/\/www.ticmais.pt\/ticmais\/imagens\/os-sites-das-nossas-escolas.jpg\" alt=\"\" width=\"160\" height=\"130\" border=\"0\" \/><\/td>\n<td scope=\"col\" valign=\"top\">\n<p style=\"text-align: justify;\">Depois de uma pesquisa pelos sites das Escolas (Secund\u00e1rias e T\u00e9cnico-profissionais) do distrito de Santar\u00e9m, constat\u00e1mos que s\u00e3o bastantes aquelas que ainda n\u00e3o t\u00eam uma presen\u00e7a Institucional minimamente aceit\u00e1vel na Internet.<\/p>\n<p><a href=\"http:\/\/www.ticmais.pt\/?p=1234\"><img decoding=\"async\" src=\"\/\/www.ticmais.pt\/ticmais\/imagens\/ticmaislogomini.png\" alt=\"\" \/><\/a><\/td>\n<\/tr>\n<\/tbody>\n<\/table>\n<div><!--more--><\/div>\n<table style=\"width: 100%;\" border=\"0\" cellspacing=\"5\" cellpadding=\"5\">\n<tbody>\n<tr>\n<td valign=\"top\">Hoje, decorridos\u00a0oito anos ap\u00f3s a defini\u00e7\u00e3o dos objectivos da Agenda de Lisboa\/da Sociedade do Conhecimento e quando as escolas est\u00e3o a desenvolver programas nesse \u00e2mbito (ex. programa novas oportunidades e certifica\u00e7\u00e3o de compet\u00eancias), esta situa\u00e7\u00e3o \u00e9 dif\u00edcil de entender.<\/p>\n<div style=\"text-align: justify;\">As escolas s\u00e3o um instrumento privilegiado para a eleva\u00e7\u00e3o do patamar de conhecimentos no dom\u00ednio das Tecnologias de Informa\u00e7\u00e3o e Comunica\u00e7\u00e3o.<\/div>\n<div style=\"text-align: justify;\">Actualmente, fazem parte do corpo docente das escolas, professores licenciados na \u00e1rea das Tecnologias de Informa\u00e7\u00e3o e Comunica\u00e7\u00e3o e nelas existem alunos com conhecimentos bastantes para poderem colaborar na manuten\u00e7\u00e3o e dinamiza\u00e7\u00e3o do site da sua escola. Assim sendo, \u00e9 necess\u00e1rio alterar esta situa\u00e7\u00e3o.<\/div>\n<div style=\"text-align: justify;\">\u00c9 claro que, neste processo, os Conselhos Executivos devem assumir um maior envolvimento, o Minist\u00e9rio de Educa\u00e7\u00e3o dever\u00e1 participar de forma efectiva, definindo um conjunto de funcionalidades &#8220;obrigat\u00f3rio&#8221; a todos os sites da Escolas Secund\u00e1rias.<\/div>\n<div style=\"text-align: justify;\">Urge, pois, responder \u00e0s actuais necessidades das comunidades que servem &#8211; candidatos a alunos, alunos actuais, encarregados de educa\u00e7\u00e3o e professores.<\/div>\n<\/td>\n<\/tr>\n<tr>\n<td valign=\"top\"><a href=\"http:\/\/www.i-gov.org\/index.php?article=1842&amp;visual=2&amp;id=47&amp;subject=131\" target=\"_blank\" rel=\"noopener noreferrer\"><img decoding=\"async\" src=\"\/\/www.ticmais.pt\/ticmais\/imagens\/Coruche,Antonio Pinheiro da Costa,TicMAIS,Cantanhede,Cidadania, Movimento.png\" alt=\"\" \/><\/a><\/td>\n<\/tr>\n<tr>\n<td valign=\"top\">\n<div><a href=\"https:\/\/www.ticmais.pt\/\"><img decoding=\"async\" src=\"\/\/www.ticmais.pt\/ticmais\/imagens\/Coruche, TicMAIS, Antonio Pinheiro da Costa, Movimento de Cidadania, Cantanhede.png\" alt=\"\" \/><\/a><\/div>\n<div><span style=\"color: #ffffff;\">.<\/span><\/div>\n<div><a href=\"https:\/\/www.ticmais.pt\/ticmais\/pdf\/2008.02.06.sites.das.escolas.pdf\"><strong>Not\u00edcia publicada no Jornal Mais Regi\u00e3o<\/strong><\/a><\/div>\n<div><\/div>\n<\/td>\n<\/tr>\n<tr>\n<td><\/td>\n<\/tr>\n<\/tbody>\n<\/table>\n","protected":false},"excerpt":{"rendered":"<p>Depois de uma pesquisa pelos sites das Escolas (Secund\u00e1rias e T\u00e9cnico-profissionais) do distrito de Santar\u00e9m, constat\u00e1mos que s\u00e3o bastantes aquelas que ainda n\u00e3o t\u00eam uma presen\u00e7a Institucional minimamente aceit\u00e1vel na Internet.<\/p>\n","protected":false},"author":1,"featured_media":0,"comment_status":"open","ping_status":"open","sticky":false,"template":"","format":"standard","meta":{"footnotes":""},"categories":[15],"tags":[2,4,5,6,20,8,34,11,18,19,16],"class_list":["post-360","post","type-post","status-publish","format-standard","hentry","category-tic-mais","tag-antonio-pinheiro-da-costa","tag-cantanhede","tag-cidadania","tag-coruche","tag-ensino","tag-inclusao-digital","tag-internet","tag-movimento-de-cidadania","tag-plano-tecnologico","tag-sociedade-do-conhecinentoda-informacao","tag-ticmais"],"_links":{"self":[{"href":"https:\/\/www.ticmais.pt\/index.php?rest_route=\/wp\/v2\/posts\/360","targetHints":{"allow":["GET"]}}],"collection":[{"href":"https:\/\/www.ticmais.pt\/index.php?rest_route=\/wp\/v2\/posts"}],"about":[{"href":"https:\/\/www.ticmais.pt\/index.php?rest_route=\/wp\/v2\/types\/post"}],"author":[{"embeddable":true,"href":"https:\/\/www.ticmais.pt\/index.php?rest_route=\/wp\/v2\/users\/1"}],"replies":[{"embeddable":true,"href":"https:\/\/www.ticmais.pt\/index.php?rest_route=%2Fwp%2Fv2%2Fcomments&post=360"}],"version-history":[{"count":0,"href":"https:\/\/www.ticmais.pt\/index.php?rest_route=\/wp\/v2\/posts\/360\/revisions"}],"wp:attachment":[{"href":"https:\/\/www.ticmais.pt\/index.php?rest_route=%2Fwp%2Fv2%2Fmedia&parent=360"}],"wp:term":[{"taxonomy":"category","embeddable":true,"href":"https:\/\/www.ticmais.pt\/index.php?rest_route=%2Fwp%2Fv2%2Fcategories&post=360"},{"taxonomy":"post_tag","embeddable":true,"href":"https:\/\/www.ticmais.pt\/index.php?rest_route=%2Fwp%2Fv2%2Ftags&post=360"}],"curies":[{"name":"wp","href":"https:\/\/api.w.org\/{rel}","templated":true}]}}